{"id":8708,"date":"2023-08-17T11:52:15","date_gmt":"2023-08-17T08:52:15","guid":{"rendered":"https:\/\/www.urfabugun.com\/?p=8708"},"modified":"2023-08-17T11:52:21","modified_gmt":"2023-08-17T08:52:21","slug":"tuik-acikladi-yilin-2-ceyreginde-issizlik-orani-yuzde-97-seviyesinde","status":"publish","type":"post","link":"https:\/\/www.urfabugun.com\/index.php\/2023\/08\/17\/tuik-acikladi-yilin-2-ceyreginde-issizlik-orani-yuzde-97-seviyesinde\/","title":{"rendered":"T\u00dc\u0130K A\u00e7\u0131klad\u0131: Y\u0131l\u0131n 2. \u00c7eyre\u011finde \u0130\u015fsizlik Oran\u0131 Y\u00fczde 9,7 Seviyesinde!"},"content":{"rendered":"\n<p><\/p>\n\n\n\n<p><strong>T\u00fcrkiye \u0130statistik Kurumu (T\u00dc\u0130K) y\u0131l\u0131n ikinci \u00e7eyre\u011fine ili\u015fkin Hane halk\u0131 \u0130\u015fg\u00fcc\u00fc Ara\u015ft\u0131rmas\u0131&#8217;n\u0131n sonu\u00e7lar\u0131n\u0131 a\u00e7\u0131klad\u0131.<\/strong><\/p>\n\n\n\n<p>Buna g\u00f6re, 15 ve daha yukar\u0131 ya\u015ftaki ki\u015filerde i\u015fsiz say\u0131s\u0131 2023 y\u0131l\u0131 II. \u00e7eyre\u011finde bir \u00f6nceki \u00e7eyre\u011fe g\u00f6re 73 bin ki\u015fi azalarak 3 milyon 400 bin ki\u015fi oldu.<\/p>\n\n\n\n<p>\u0130\u015fsizlik oran\u0131 ise 0,3 puanl\u0131k azal\u0131\u015f ile y\u00fczde 9,7 seviyesinde ger\u00e7ekle\u015fti. \u0130\u015fsizlik oran\u0131 erkeklerde y\u00fczde 7,8, kad\u0131nlarda y\u00fczde 13,4 olarak tahmin edildi.<\/p>\n\n\n\n<p>Mevsim etkisinden ar\u0131nd\u0131r\u0131lm\u0131\u015f istihdam oran\u0131 y\u00fczde 48,2 oldu<\/p>\n\n\n\n<p>\u0130stihdam edilenlerin say\u0131s\u0131 2023 y\u0131l\u0131 II. \u00e7eyre\u011finde bir \u00f6nceki \u00e7eyre\u011fe g\u00f6re 151 bin ki\u015fi artarak 31 milyon 513 bin ki\u015fi, istihdam oran\u0131 ise 0,1 puanl\u0131k art\u0131\u015f ile y\u00fczde 48,2 oldu. Bu oran erkeklerde y\u00fczde 65,7 iken kad\u0131nlarda y\u00fczde 31,1 olarak ger\u00e7ekle\u015fti.<\/p>\n\n\n\n<p>Mevsim etkisinden ar\u0131nd\u0131r\u0131lm\u0131\u015f i\u015fg\u00fcc\u00fcne kat\u0131lma oran\u0131 y\u00fczde 53,4 olarak ger\u00e7ekle\u015fti<\/p>\n\n\n\n<p>\u0130\u015fg\u00fcc\u00fc 2023 y\u0131l\u0131 II. \u00e7eyre\u011finde bir \u00f6nceki \u00e7eyre\u011fe g\u00f6re 80 bin ki\u015fi artarak 34 milyon 914 bin ki\u015fi, i\u015fg\u00fcc\u00fcne kat\u0131lma oran\u0131 ise de\u011fi\u015fim g\u00f6stermeyerek y\u00fczde 53,4 olarak ger\u00e7ekle\u015fti. \u0130\u015fg\u00fcc\u00fcne kat\u0131lma oran\u0131 erkeklerde y\u00fczde 71,2, kad\u0131nlarda ise y\u00fczde 36,0 oldu.<\/p>\n\n\n\n<p>Gen\u00e7 n\u00fcfusta mevsim etkisinden ar\u0131nd\u0131r\u0131lm\u0131\u015f i\u015fsizlik oran\u0131 y\u00fczde 18,3 oldu<\/p>\n\n\n\n<p>15-24 ya\u015f grubunu kapsayan gen\u00e7 n\u00fcfusta i\u015fsizlik oran\u0131 bir \u00f6nceki \u00e7eyre\u011fe g\u00f6re 1,2 puanl\u0131k azal\u0131\u015f ile y\u00fczde 18,3 oldu. Bu ya\u015f grubunda i\u015fsizlik oran\u0131; erkeklerde y\u00fczde 15,1, kad\u0131nlarda ise y\u00fczde 24,1 olarak tahmin edildi.<\/p>\n","protected":false},"excerpt":{"rendered":"<p>T\u00fcrkiye \u0130statistik Kurumu (T\u00dc\u0130K) y\u0131l\u0131n ikinci \u00e7eyre\u011fine ili\u015fkin Hane halk\u0131 \u0130\u015fg\u00fcc\u00fc Ara\u015ft\u0131rmas\u0131&#8217;n\u0131n sonu\u00e7lar\u0131n\u0131 a\u00e7\u0131klad\u0131. Buna g\u00f6re,&#46;&#46;&#46;<\/p>\n","protected":false},"author":2,"featured_media":8710,"comment_status":"open","ping_status":"open","sticky":false,"template":"","format":"standard","meta":{"inline_featured_image":false,"footnotes":""},"categories":[80],"tags":[138,139,359,107],"manset":[],"class_list":["post-8708","post","type-post","status-publish","format-standard","has-post-thumbnail","hentry","category-ekonomi-haberleri","tag-ekonomi","tag-sondakika","tag-tuik","tag-ub"],"_links":{"self":[{"href":"https:\/\/www.urfabugun.com\/index.php\/wp-json\/wp\/v2\/posts\/8708","targetHints":{"allow":["GET"]}}],"collection":[{"href":"https:\/\/www.urfabugun.com\/index.php\/wp-json\/wp\/v2\/posts"}],"about":[{"href":"https:\/\/www.urfabugun.com\/index.php\/wp-json\/wp\/v2\/types\/post"}],"author":[{"embeddable":true,"href":"https:\/\/www.urfabugun.com\/index.php\/wp-json\/wp\/v2\/users\/2"}],"replies":[{"embeddable":true,"href":"https:\/\/www.urfabugun.com\/index.php\/wp-json\/wp\/v2\/comments?post=8708"}],"version-history":[{"count":0,"href":"https:\/\/www.urfabugun.com\/index.php\/wp-json\/wp\/v2\/posts\/8708\/revisions"}],"wp:featuredmedia":[{"embeddable":true,"href":"https:\/\/www.urfabugun.com\/index.php\/wp-json\/wp\/v2\/media\/8710"}],"wp:attachment":[{"href":"https:\/\/www.urfabugun.com\/index.php\/wp-json\/wp\/v2\/media?parent=8708"}],"wp:term":[{"taxonomy":"category","embeddable":true,"href":"https:\/\/www.urfabugun.com\/index.php\/wp-json\/wp\/v2\/categories?post=8708"},{"taxonomy":"post_tag","embeddable":true,"href":"https:\/\/www.urfabugun.com\/index.php\/wp-json\/wp\/v2\/tags?post=8708"},{"taxonomy":"manset","embeddable":true,"href":"https:\/\/www.urfabugun.com\/index.php\/wp-json\/wp\/v2\/manset?post=8708"}],"curies":[{"name":"wp","href":"https:\/\/api.w.org\/{rel}","templated":true}]}}