{"id":8720,"date":"2023-08-17T19:24:27","date_gmt":"2023-08-17T16:24:27","guid":{"rendered":"https:\/\/www.urfabugun.com\/?p=8720"},"modified":"2023-08-17T19:24:33","modified_gmt":"2023-08-17T16:24:33","slug":"sok-karar-65-yas-uzeri-ucretsiz-ulasim-iptal-edildi","status":"publish","type":"post","link":"https:\/\/www.urfabugun.com\/index.php\/2023\/08\/17\/sok-karar-65-yas-uzeri-ucretsiz-ulasim-iptal-edildi\/","title":{"rendered":"\u015eok Karar: 65 Ya\u015f \u00dczeri \u00dccretsiz Ula\u015f\u0131m \u0130ptal Edildi"},"content":{"rendered":"\n<p> <strong><p class=\"MsoNormal\"><span style=\"font-size: revert; background-color: rgb(255, 255, 255); word-spacing: 0.001em;\">T\u00fcrkiye genelinde faaliyet g\u00f6steren \u00d6zel Halk Otob\u00fcsleri Birli\u011fi, 65 ya\u015f \u00fcst\u00fc vatanda\u015flar\u0131 etkileyecek \u00f6nemli bir karara imza att\u0131.<\/span><\/p><p class=\"MsoNormal\"><\/p><\/strong><p class=\"MsoNormal\">\u00d6zel Halk Otob\u00fcsleri, zorlu ekonomik ko\u015fullar, artan maliyetler ve y\u00fckselen mazot fiyatlar\u0131 gibi nedenlerle 65 ya\u015f \u00fcst\u00fc vatanda\u015flara sa\u011flanan \u00fccretsiz ula\u015f\u0131m hizmetini ekim ay\u0131ndan itibaren sonland\u0131rma karar\u0131 ald\u0131.<\/p><p class=\"MsoNormal\"><\/p><p class=\"MsoNormal\">Y\u0131llard\u0131r s\u00fcregelen uygulama kapsam\u0131nda toplu ta\u015f\u0131ma ara\u00e7lar\u0131nda 65 ya\u015f ve \u00fcst\u00fc ki\u015filere \u00fccretsiz ula\u015f\u0131m uygulamas\u0131, son d\u00f6nemde kademeli olarak kald\u0131r\u0131ld\u0131\u011f\u0131 g\u00f6r\u00fcld\u00fc. Yak\u0131n zamanda Burdur ve Aksaray gibi illerde 65 ya\u015f \u00fcst\u00fc vatanda\u015flar\u0131n \u00fccretsiz ula\u015f\u0131m hakk\u0131 iptal edilmi\u015fti.<\/p> <p class=\"MsoNormal\"><o:p>\u00a0<\/o:p><\/p> <p class=\"MsoNormal\">Bug\u00fcn ise \u00e7ok daha geni\u015f kapsaml\u0131 bir geli\u015fme ya\u015fand\u0131. Belediyelerden ba\u011f\u0131ms\u0131z olarak \u015fehir i\u00e7i ula\u015f\u0131m hizmeti sunan \u00d6zel Halk Otob\u00fcsleri, T\u00fcrkiye genelinde 65 ya\u015f ve \u00fcst\u00fc vatanda\u015flar i\u00e7in sa\u011flanan \u00fccretsiz ula\u015f\u0131m hizmetini sonland\u0131rma karar\u0131 ald\u0131. Bu karar, toplu ta\u015f\u0131ma sekt\u00f6r\u00fcnde \u00f6nemli bir de\u011fi\u015fikli\u011fi i\u015faret ediyor.<\/p> <\/p>\n","protected":false},"excerpt":{"rendered":"<p>T\u00fcrkiye genelinde faaliyet g\u00f6steren \u00d6zel Halk Otob\u00fcsleri Birli\u011fi, 65 ya\u015f \u00fcst\u00fc vatanda\u015flar\u0131 etkileyecek \u00f6nemli bir karara&#46;&#46;&#46;<\/p>\n","protected":false},"author":2,"featured_media":8722,"comment_status":"open","ping_status":"open","sticky":false,"template":"","format":"standard","meta":{"inline_featured_image":false,"footnotes":""},"categories":[92],"tags":[2593,2595,2592,131,107,2594],"manset":[],"class_list":["post-8720","post","type-post","status-publish","format-standard","has-post-thumbnail","hentry","category-yasam-haberleri","tag-65-yas-uzeri-ucretsiz-ulasim-iptal-edildi","tag-ozel-halk-ootbusu","tag-ozel-halk-otobusleri-birligi","tag-son-dakika","tag-ub","tag-ulasim-2"],"_links":{"self":[{"href":"https:\/\/www.urfabugun.com\/index.php\/wp-json\/wp\/v2\/posts\/8720","targetHints":{"allow":["GET"]}}],"collection":[{"href":"https:\/\/www.urfabugun.com\/index.php\/wp-json\/wp\/v2\/posts"}],"about":[{"href":"https:\/\/www.urfabugun.com\/index.php\/wp-json\/wp\/v2\/types\/post"}],"author":[{"embeddable":true,"href":"https:\/\/www.urfabugun.com\/index.php\/wp-json\/wp\/v2\/users\/2"}],"replies":[{"embeddable":true,"href":"https:\/\/www.urfabugun.com\/index.php\/wp-json\/wp\/v2\/comments?post=8720"}],"version-history":[{"count":0,"href":"https:\/\/www.urfabugun.com\/index.php\/wp-json\/wp\/v2\/posts\/8720\/revisions"}],"wp:featuredmedia":[{"embeddable":true,"href":"https:\/\/www.urfabugun.com\/index.php\/wp-json\/wp\/v2\/media\/8722"}],"wp:attachment":[{"href":"https:\/\/www.urfabugun.com\/index.php\/wp-json\/wp\/v2\/media?parent=8720"}],"wp:term":[{"taxonomy":"category","embeddable":true,"href":"https:\/\/www.urfabugun.com\/index.php\/wp-json\/wp\/v2\/categories?post=8720"},{"taxonomy":"post_tag","embeddable":true,"href":"https:\/\/www.urfabugun.com\/index.php\/wp-json\/wp\/v2\/tags?post=8720"},{"taxonomy":"manset","embeddable":true,"href":"https:\/\/www.urfabugun.com\/index.php\/wp-json\/wp\/v2\/manset?post=8720"}],"curies":[{"name":"wp","href":"https:\/\/api.w.org\/{rel}","templated":true}]}}