{"id":8724,"date":"2023-08-18T09:37:40","date_gmt":"2023-08-18T06:37:40","guid":{"rendered":"https:\/\/www.urfabugun.com\/?p=8724"},"modified":"2023-08-18T09:37:46","modified_gmt":"2023-08-18T06:37:46","slug":"evlenmelerine-izin-verilmeyen-iki-genc-canina-kiydi","status":"publish","type":"post","link":"https:\/\/www.urfabugun.com\/index.php\/2023\/08\/18\/evlenmelerine-izin-verilmeyen-iki-genc-canina-kiydi\/","title":{"rendered":"Evlenmelerine \u0130zin Verilmeyen \u0130ki Gen\u00e7 Can\u0131na K\u0131yd\u0131!"},"content":{"rendered":"\n<p><\/p>\n\n\n\n<p><strong>Mu\u015f&#8217;un Korkut il\u00e7esinde baba inad\u0131 y\u00fcz\u00fcnden kavu\u015famayan gen\u00e7 a\u015f\u0131klar hayatlar\u0131na son verdi.<\/strong><\/p>\n\n\n\n<p>Y\u0131llard\u0131r birbirine sevdal\u0131 olan gen\u00e7ler 3 g\u00fcn ara ile intihar etti, mezarlar\u0131na ise gelin ve damat t\u00fclbendi ba\u011fland\u0131. Kimileri ya\u015fananlar\u0131 Ahmed-i Hani taraf\u0131ndan yaz\u0131ya ge\u00e7irilen destans\u0131 a\u015fk \u00f6yk\u00fcs\u00fc Mem \u00fc Zin&#8217;e benzetti, kimileri ise T\u00fcrkiye&#8217;de 2023&#8217;\u00fcn Kerem ile Asl\u0131&#8217;s\u0131 diye \u00f6zetledi.<\/p>\n\n\n\n<p><strong>GEN\u00c7 A\u015eIKLAR 3 G\u00dcN ARAYLA \u0130NT\u0130HAR ETT\u0130<\/strong><\/p>\n\n\n\n<p>Mu\u015f&#8217;un Korkut il\u00e7esine ba\u011fl\u0131 Tan K\u00f6y\u00fc&#8217;nde iddialara g\u00f6re y\u0131llard\u0131r birbirine sevdal\u0131 olan Dilan Tuna ve Yakup S\u00f6nmez, kavu\u015famay\u0131nca hayatlar\u0131na son verdi. K\u00f6y\u00fc yasa bo\u011fan olayda 3 g\u00fcn ara ile intihar eden kavu\u015famayan a\u015f\u0131klar yan yana defnedildi. Gen\u00e7lerin mezarlar\u0131na gelin ve damat t\u00fclbentleri ba\u011fland\u0131. \u0130ntihar haberi ise sosyal medyada \u00e7ok h\u0131zl\u0131 bir \u015fekilde yay\u0131l\u0131rken kavu\u015famayan a\u015f\u0131klara ise Memu Zin ile Kerem ile Asl\u0131 benzetmesi yap\u0131ld\u0131.<\/p>\n","protected":false},"excerpt":{"rendered":"<p>Mu\u015f&#8217;un Korkut il\u00e7esinde baba inad\u0131 y\u00fcz\u00fcnden kavu\u015famayan gen\u00e7 a\u015f\u0131klar hayatlar\u0131na son verdi. Y\u0131llard\u0131r birbirine sevdal\u0131 olan&#46;&#46;&#46;<\/p>\n","protected":false},"author":2,"featured_media":8726,"comment_status":"open","ping_status":"open","sticky":false,"template":"","format":"standard","meta":{"inline_featured_image":false,"footnotes":""},"categories":[92,75],"tags":[2596,2597,1224,118,131,107],"manset":[],"class_list":["post-8724","post","type-post","status-publish","format-standard","has-post-thumbnail","hentry","category-yasam-haberleri","category-asayis-haberleri","tag-evlenmelerine-izin-verilmeyen-iki-genc-canina-kiydi","tag-genc-asiklar-3-gun-arayla-intihar-etti","tag-mus","tag-sanliurfa","tag-son-dakika","tag-ub"],"_links":{"self":[{"href":"https:\/\/www.urfabugun.com\/index.php\/wp-json\/wp\/v2\/posts\/8724","targetHints":{"allow":["GET"]}}],"collection":[{"href":"https:\/\/www.urfabugun.com\/index.php\/wp-json\/wp\/v2\/posts"}],"about":[{"href":"https:\/\/www.urfabugun.com\/index.php\/wp-json\/wp\/v2\/types\/post"}],"author":[{"embeddable":true,"href":"https:\/\/www.urfabugun.com\/index.php\/wp-json\/wp\/v2\/users\/2"}],"replies":[{"embeddable":true,"href":"https:\/\/www.urfabugun.com\/index.php\/wp-json\/wp\/v2\/comments?post=8724"}],"version-history":[{"count":0,"href":"https:\/\/www.urfabugun.com\/index.php\/wp-json\/wp\/v2\/posts\/8724\/revisions"}],"wp:featuredmedia":[{"embeddable":true,"href":"https:\/\/www.urfabugun.com\/index.php\/wp-json\/wp\/v2\/media\/8726"}],"wp:attachment":[{"href":"https:\/\/www.urfabugun.com\/index.php\/wp-json\/wp\/v2\/media?parent=8724"}],"wp:term":[{"taxonomy":"category","embeddable":true,"href":"https:\/\/www.urfabugun.com\/index.php\/wp-json\/wp\/v2\/categories?post=8724"},{"taxonomy":"post_tag","embeddable":true,"href":"https:\/\/www.urfabugun.com\/index.php\/wp-json\/wp\/v2\/tags?post=8724"},{"taxonomy":"manset","embeddable":true,"href":"https:\/\/www.urfabugun.com\/index.php\/wp-json\/wp\/v2\/manset?post=8724"}],"curies":[{"name":"wp","href":"https:\/\/api.w.org\/{rel}","templated":true}]}}