{"id":8774,"date":"2023-08-19T09:52:50","date_gmt":"2023-08-19T06:52:50","guid":{"rendered":"https:\/\/www.urfabugun.com\/?p=8774"},"modified":"2023-08-19T09:52:57","modified_gmt":"2023-08-19T06:52:57","slug":"covidin-yeni-alt-varyanti-eris-51-ulkeye-yayildi","status":"publish","type":"post","link":"https:\/\/www.urfabugun.com\/index.php\/2023\/08\/19\/covidin-yeni-alt-varyanti-eris-51-ulkeye-yayildi\/","title":{"rendered":"Covid\u2019in Yeni Alt Varyant\u0131 Eris 51 \u00dclkeye Yay\u0131ld\u0131!"},"content":{"rendered":"\n<p><\/p>\n\n\n\n<p><strong>Covid-19\u2019un Omicron varyant\u0131, alt varyantlar \u00fcretmeye devam ediyor. Yeni varyantlar\u0131ndan Eris (EG.5.1 subvaryant\u0131) bug\u00fcne kadar 51 \u00fclkede tespit edildi. T\u00fcrkiye\u2019de hen\u00fcz saptanmam\u0131\u015f olsa da bulunmad\u0131\u011f\u0131 anlam\u0131na gelmiyor.<\/strong><\/p>\n\n\n\n<p>T\u00fcrk Toraks Derne\u011fi (TTD), d\u00fcnyada milyonlarca ki\u015finin hayat\u0131n\u0131 kaybetmesine neden olan corona vir\u00fcs\u00fcn yeni varyantlar\u0131ndan olan ve h\u0131zla yay\u0131larak 51 \u00fclkede tespit edilen Eris vir\u00fcs\u00fc (EG.5.1 subvaryant\u0131) ile ilgili T\u00fcrkiye&#8217;de hen\u00fcz bir bildirim bulunmad\u0131\u011f\u0131n\u0131 ancak bu a\u015famada standart Covid-19 korunma \u00f6nlemlerinin uygulanmas\u0131n\u0131n b\u00fcy\u00fck \u00f6nem ta\u015f\u0131d\u0131\u011f\u0131n\u0131 bildirdi.<\/p>\n\n\n\n<p>T\u00fcrk Toraks Derne\u011fi (TTD) Merkez Y\u00f6netim Kurulu \u00dcyesi Prof. Dr. B. Oya \u0130til, \u015funlar\u0131 s\u00f6yledi:<\/p>\n\n\n\n<p>&#8220;Covid-19 etkeni Sars-Cov-2 vir\u00fcs\u00fc beklendi\u011fi gibi mutasyona u\u011framakta ve bu s\u00fcrecin normal bir sonucu olarak varyantlar (bir ya da daha fazla mutasyon i\u00e7erebilen genetik kod) ortaya \u00e7\u0131kmaktad\u0131r. Covid-19 Omicron varyant\u0131n\u0131n t\u00fcm d\u00fcnyada yayg\u0131n hale gelmesiyle birlikte alt varyantlar da tan\u0131mlanmaya ba\u015flam\u0131\u015ft\u0131r. Bir Omicron alt varyant\u0131 olan (EG.5) ilk olarak 17 \u015eubat 2023&#8217;te raporlanm\u0131\u015f ve 19 Temmuz 2023&#8217;te &#8216;g\u00f6zlem alt\u0131ndaki varyant&#8217; olarak belirlenmi\u015ftir.<\/p>\n\n\n\n<p>Hem D\u00fcnya Sa\u011fl\u0131k \u00d6rg\u00fct\u00fc (DS\u00d6) raporunda 7 A\u011fustos 2023 itibariyle hem de Hastal\u0131k Kontrol ve \u00d6nleme Merkezi taraf\u0131ndan 51 \u00fclkeden (\u00c7in, Amerika Birle\u015fik Devletleri, Kore Cumhuriyeti, Japonya, Kanada, Avustralya, Singapur, Birle\u015fik Krall\u0131k, Fransa, Portekiz, \u0130spanya gibi) EG.5 varyant\u0131 bildirilmi\u015ftir. EG.5 grubunda yer alan EG.5.1 subvaryant\u0131 resmi olarak olmasa da &#8216;Eris&#8217; olarak adland\u0131r\u0131lmakta ve bildirilen t\u00fcm EG.5 dizinlerinin y\u00fczde 88\u2019ini olu\u015fturmaktad\u0131r.&#8221;<\/p>\n\n\n\n<p><strong>&#8220;\u00dcLKEM\u0130ZDE B\u0130LD\u0130R\u0130LM\u0130\u015e VAKA BULUNMUYOR&#8221;<\/strong><\/p>\n\n\n\n<p>T\u00fcm D\u00fcnyadan bildirilen EG.5 varyant oranlar\u0131nda haftalar i\u00e7erisinde ciddi bir art\u0131\u015f oldu\u011funu dile getiren TTD Solunum Sistemi Enfeksiyonlar\u0131 \u00c7al\u0131\u015fma Grubu Ba\u015fkan\u0131 Prof. Dr. Ebru \u00c7ak\u0131r Edis ise konu ile ilgili \u015fu a\u00e7\u0131klamay\u0131 yapt\u0131:<\/p>\n\n\n\n<p>&#8220;T\u00fcm D\u00fcnyadan bildirilen EG.5 varyant oranlar\u0131nda haftalar i\u00e7erisinde ciddi bir art\u0131\u015f olmu\u015ftur. 19-25 Haziran 2023 haftas\u0131nda y\u00fczde 7,6 iken, 17-23 Temmuz 2023 haftas\u0131nda EG.5 varyant\u0131n k\u00fcresel yayg\u0131nl\u0131\u011f\u0131 y\u00fczde 17,4 olarak raporlanm\u0131\u015ft\u0131r. Mevcut kan\u0131tlara dayal\u0131 olarak, EG.5&#8217;in ortaya koydu\u011fu halk sa\u011fl\u0131\u011f\u0131 riski k\u00fcresel d\u00fczeyde d\u00fc\u015f\u00fck olarak de\u011ferlendirilmektedir. EG.5, artan yayg\u0131nl\u0131k ve ba\u011f\u0131\u015f\u0131kl\u0131ktan ka\u00e7\u0131\u015f \u00f6zellikleri g\u00f6stermi\u015f olsa da bug\u00fcne kadar hastal\u0131k \u015fiddetinde herhangi bir de\u011fi\u015fiklik bildirilmemi\u015ftir. Ayn\u0131 \u00f6zellikler sebebiyle, artan g\u00f6r\u00fclme h\u0131z\u0131yla birlikte baz\u0131 \u00fclkelerde hatta global olarak bask\u0131n hale gelebilece\u011fi belirtilmektedir. \u00dclkemizde hen\u00fcz bildirilmi\u015f EG.5 varyant bulunmamaktad\u0131r. Standart Covid-19 korunma \u00f6nlemlerinin uygulanmas\u0131 \u00f6nem arz etmektedir.&#8221;<\/p>\n","protected":false},"excerpt":{"rendered":"<p>Covid-19\u2019un Omicron varyant\u0131, alt varyantlar \u00fcretmeye devam ediyor. Yeni varyantlar\u0131ndan Eris (EG.5.1 subvaryant\u0131) bug\u00fcne kadar 51&#46;&#46;&#46;<\/p>\n","protected":false},"author":2,"featured_media":8776,"comment_status":"open","ping_status":"open","sticky":false,"template":"","format":"standard","meta":{"inline_featured_image":false,"footnotes":""},"categories":[78],"tags":[2613,2612,2328,2614,2615,131,107,1848],"manset":[],"class_list":["post-8774","post","type-post","status-publish","format-standard","has-post-thumbnail","hentry","category-dunya-haberleri","tag-covid","tag-covidin-yeni-alt-varyanti-eris-51-ulkeye-yayildi","tag-dunya","tag-eris-51","tag-saglik-2","tag-son-dakika","tag-ub","tag-virus"],"_links":{"self":[{"href":"https:\/\/www.urfabugun.com\/index.php\/wp-json\/wp\/v2\/posts\/8774","targetHints":{"allow":["GET"]}}],"collection":[{"href":"https:\/\/www.urfabugun.com\/index.php\/wp-json\/wp\/v2\/posts"}],"about":[{"href":"https:\/\/www.urfabugun.com\/index.php\/wp-json\/wp\/v2\/types\/post"}],"author":[{"embeddable":true,"href":"https:\/\/www.urfabugun.com\/index.php\/wp-json\/wp\/v2\/users\/2"}],"replies":[{"embeddable":true,"href":"https:\/\/www.urfabugun.com\/index.php\/wp-json\/wp\/v2\/comments?post=8774"}],"version-history":[{"count":0,"href":"https:\/\/www.urfabugun.com\/index.php\/wp-json\/wp\/v2\/posts\/8774\/revisions"}],"wp:featuredmedia":[{"embeddable":true,"href":"https:\/\/www.urfabugun.com\/index.php\/wp-json\/wp\/v2\/media\/8776"}],"wp:attachment":[{"href":"https:\/\/www.urfabugun.com\/index.php\/wp-json\/wp\/v2\/media?parent=8774"}],"wp:term":[{"taxonomy":"category","embeddable":true,"href":"https:\/\/www.urfabugun.com\/index.php\/wp-json\/wp\/v2\/categories?post=8774"},{"taxonomy":"post_tag","embeddable":true,"href":"https:\/\/www.urfabugun.com\/index.php\/wp-json\/wp\/v2\/tags?post=8774"},{"taxonomy":"manset","embeddable":true,"href":"https:\/\/www.urfabugun.com\/index.php\/wp-json\/wp\/v2\/manset?post=8774"}],"curies":[{"name":"wp","href":"https:\/\/api.w.org\/{rel}","templated":true}]}}