{"id":8778,"date":"2023-08-19T11:05:40","date_gmt":"2023-08-19T08:05:40","guid":{"rendered":"https:\/\/www.urfabugun.com\/?p=8778"},"modified":"2023-08-19T11:05:46","modified_gmt":"2023-08-19T08:05:46","slug":"sanliurfada-suya-yuzde-25-zam-geldi","status":"publish","type":"post","link":"https:\/\/www.urfabugun.com\/index.php\/2023\/08\/19\/sanliurfada-suya-yuzde-25-zam-geldi\/","title":{"rendered":"\u015eanl\u0131urfa\u2019da Suya Y\u00fczde 25 Zam Geldi!"},"content":{"rendered":"\n<p><\/p>\n\n\n\n<p><strong>\u015eanl\u0131urfa B\u00fcy\u00fck\u015fehir Belediyesi meclis toplant\u0131s\u0131nda al\u0131nan karar ile birlikte suya y\u00fczde 25 zam yap\u0131ld\u0131.<\/strong><\/p>\n\n\n\n<p>\u015eanl\u0131urfa B\u00fcy\u00fck\u015fehir Belediyesi Meclisi, A\u011fustos ay\u0131 son birle\u015fiminde SUK\u0130 (\u015eanl\u0131urfa Su ve Kanalizasyon \u0130daresi) Genel Kurul Toplant\u0131s\u0131\u2019n\u0131 ger\u00e7ekle\u015ftirdi. Toplant\u0131da al\u0131nan kararlar aras\u0131nda \u00f6ne \u00e7\u0131kan \u00f6nemli bir geli\u015fme ise su tarifelerine yap\u0131lan zam oldu. Meclis \u00fcyelerinin oy \u00e7oklu\u011fuyla al\u0131nan karar ile suya y\u00fczde 25 zam yap\u0131ld\u0131.<\/p>\n\n\n\n<p>Yap\u0131lan zam karar\u0131yla birlikte yeni su tarifelerinin ne zaman y\u00fcr\u00fcrl\u00fc\u011fe girece\u011fi ve vatanda\u015flar\u0131n bu zamdan nas\u0131l etkilenece\u011fi konular\u0131nda detayl\u0131 bilgilendirme de yap\u0131ld\u0131.<\/p>\n\n\n\n<p>Yap\u0131lan a\u00e7\u0131klamaya g\u00f6re su zamm\u0131 1 Eyl\u00fcl itibar\u0131 ile uygulanacak.<\/p>\n","protected":false},"excerpt":{"rendered":"<p>\u015eanl\u0131urfa B\u00fcy\u00fck\u015fehir Belediyesi meclis toplant\u0131s\u0131nda al\u0131nan karar ile birlikte suya y\u00fczde 25 zam yap\u0131ld\u0131. \u015eanl\u0131urfa B\u00fcy\u00fck\u015fehir&#46;&#46;&#46;<\/p>\n","protected":false},"author":2,"featured_media":8780,"comment_status":"open","ping_status":"open","sticky":false,"template":"","format":"standard","meta":{"inline_featured_image":false,"footnotes":""},"categories":[80],"tags":[118,131,2616,107],"manset":[],"class_list":["post-8778","post","type-post","status-publish","format-standard","has-post-thumbnail","hentry","category-ekonomi-haberleri","tag-sanliurfa","tag-son-dakika","tag-su-zam","tag-ub"],"_links":{"self":[{"href":"https:\/\/www.urfabugun.com\/index.php\/wp-json\/wp\/v2\/posts\/8778","targetHints":{"allow":["GET"]}}],"collection":[{"href":"https:\/\/www.urfabugun.com\/index.php\/wp-json\/wp\/v2\/posts"}],"about":[{"href":"https:\/\/www.urfabugun.com\/index.php\/wp-json\/wp\/v2\/types\/post"}],"author":[{"embeddable":true,"href":"https:\/\/www.urfabugun.com\/index.php\/wp-json\/wp\/v2\/users\/2"}],"replies":[{"embeddable":true,"href":"https:\/\/www.urfabugun.com\/index.php\/wp-json\/wp\/v2\/comments?post=8778"}],"version-history":[{"count":0,"href":"https:\/\/www.urfabugun.com\/index.php\/wp-json\/wp\/v2\/posts\/8778\/revisions"}],"wp:featuredmedia":[{"embeddable":true,"href":"https:\/\/www.urfabugun.com\/index.php\/wp-json\/wp\/v2\/media\/8780"}],"wp:attachment":[{"href":"https:\/\/www.urfabugun.com\/index.php\/wp-json\/wp\/v2\/media?parent=8778"}],"wp:term":[{"taxonomy":"category","embeddable":true,"href":"https:\/\/www.urfabugun.com\/index.php\/wp-json\/wp\/v2\/categories?post=8778"},{"taxonomy":"post_tag","embeddable":true,"href":"https:\/\/www.urfabugun.com\/index.php\/wp-json\/wp\/v2\/tags?post=8778"},{"taxonomy":"manset","embeddable":true,"href":"https:\/\/www.urfabugun.com\/index.php\/wp-json\/wp\/v2\/manset?post=8778"}],"curies":[{"name":"wp","href":"https:\/\/api.w.org\/{rel}","templated":true}]}}