{"id":8794,"date":"2023-08-20T18:00:39","date_gmt":"2023-08-20T15:00:39","guid":{"rendered":"https:\/\/www.urfabugun.com\/?p=8794"},"modified":"2023-08-20T18:00:46","modified_gmt":"2023-08-20T15:00:46","slug":"sanliurfada-ilginc-kaza-kaldirima-carpti-silahla-kendini-vurdu","status":"publish","type":"post","link":"https:\/\/www.urfabugun.com\/index.php\/2023\/08\/20\/sanliurfada-ilginc-kaza-kaldirima-carpti-silahla-kendini-vurdu\/","title":{"rendered":"\u015eanl\u0131urfa\u2019da \u0130lgin\u00e7 Kaza: Kald\u0131r\u0131ma \u00c7arpt\u0131, Silahla Kendini Vurdu!"},"content":{"rendered":"\n<p><\/p>\n\n\n\n<p><strong>\u015eanl\u0131urfa&#8217;da ak\u015fam saatlerinde tek tarafl\u0131 trafik kazas\u0131nda silah patlad\u0131. Kas\u0131\u011f\u0131ndan ve aya\u011f\u0131ndan yaralanan 27 ya\u015f\u0131ndaki \u0130brahim Halil A. hastaneye kald\u0131r\u0131larak tedavi alt\u0131na al\u0131nd\u0131.<\/strong><\/p>\n\n\n\n<p>Olay Eyy\u00fcbiye \u0130l\u00e7esi \u0130pekyol Bulvar\u0131nda ya\u015fand\u0131, Ara\u00e7ta direksiyon ba\u015f\u0131nda olan ve yaln\u0131z olan \u0130brahim Halil A. direksiyon h\u00e2kimiyetini kaybedip kald\u0131r\u0131ma \u00e7arparak durdu.<\/p>\n\n\n\n<p>Bu s\u0131rada silah sesi duyulas\u0131n\u0131n ard\u0131ndan \u00e7evredeki vatanda\u015flar olay yerine sa\u011fl\u0131k ekipleri ve polis ihbar\u0131nda bulundu.<\/p>\n\n\n\n<p>&nbsp;\u0130lk m\u00fcdahalesi olay yerinde yap\u0131lan 27 ya\u015f\u0131ndaki \u0130brahim Halil A. Mehmet Akif \u0130nan E\u011fitim ve Ara\u015ft\u0131rma Hastanesi\u2019ne kald\u0131r\u0131ld\u0131. Kanlar i\u00e7inde tedaviye al\u0131nan gen\u00e7, polise&nbsp; \u201cSarho\u015ftum, &nbsp;Kendi kendimi vurdum\u201d \u015feklinde ifade verdi\u011fi iddia edildi.<\/p>\n","protected":false},"excerpt":{"rendered":"<p>\u015eanl\u0131urfa&#8217;da ak\u015fam saatlerinde tek tarafl\u0131 trafik kazas\u0131nda silah patlad\u0131. Kas\u0131\u011f\u0131ndan ve aya\u011f\u0131ndan yaralanan 27 ya\u015f\u0131ndaki \u0130brahim&#46;&#46;&#46;<\/p>\n","protected":false},"author":2,"featured_media":8796,"comment_status":"open","ping_status":"open","sticky":false,"template":"","format":"standard","meta":{"inline_featured_image":false,"footnotes":""},"categories":[1],"tags":[184,194,131,107],"manset":[],"class_list":["post-8794","post","type-post","status-publish","format-standard","has-post-thumbnail","hentry","category-genel","tag-asayis","tag-eyyubiye","tag-son-dakika","tag-ub"],"_links":{"self":[{"href":"https:\/\/www.urfabugun.com\/index.php\/wp-json\/wp\/v2\/posts\/8794","targetHints":{"allow":["GET"]}}],"collection":[{"href":"https:\/\/www.urfabugun.com\/index.php\/wp-json\/wp\/v2\/posts"}],"about":[{"href":"https:\/\/www.urfabugun.com\/index.php\/wp-json\/wp\/v2\/types\/post"}],"author":[{"embeddable":true,"href":"https:\/\/www.urfabugun.com\/index.php\/wp-json\/wp\/v2\/users\/2"}],"replies":[{"embeddable":true,"href":"https:\/\/www.urfabugun.com\/index.php\/wp-json\/wp\/v2\/comments?post=8794"}],"version-history":[{"count":0,"href":"https:\/\/www.urfabugun.com\/index.php\/wp-json\/wp\/v2\/posts\/8794\/revisions"}],"wp:featuredmedia":[{"embeddable":true,"href":"https:\/\/www.urfabugun.com\/index.php\/wp-json\/wp\/v2\/media\/8796"}],"wp:attachment":[{"href":"https:\/\/www.urfabugun.com\/index.php\/wp-json\/wp\/v2\/media?parent=8794"}],"wp:term":[{"taxonomy":"category","embeddable":true,"href":"https:\/\/www.urfabugun.com\/index.php\/wp-json\/wp\/v2\/categories?post=8794"},{"taxonomy":"post_tag","embeddable":true,"href":"https:\/\/www.urfabugun.com\/index.php\/wp-json\/wp\/v2\/tags?post=8794"},{"taxonomy":"manset","embeddable":true,"href":"https:\/\/www.urfabugun.com\/index.php\/wp-json\/wp\/v2\/manset?post=8794"}],"curies":[{"name":"wp","href":"https:\/\/api.w.org\/{rel}","templated":true}]}}