{"id":8806,"date":"2023-08-21T10:33:06","date_gmt":"2023-08-21T07:33:06","guid":{"rendered":"https:\/\/www.urfabugun.com\/?p=8806"},"modified":"2023-08-21T10:33:12","modified_gmt":"2023-08-21T07:33:12","slug":"kabine-bugun-toplaniyor-gundemde-genclere-vergisiz-telefon-konusu-da-var","status":"publish","type":"post","link":"https:\/\/www.urfabugun.com\/index.php\/2023\/08\/21\/kabine-bugun-toplaniyor-gundemde-genclere-vergisiz-telefon-konusu-da-var\/","title":{"rendered":"Kabine Bug\u00fcn Toplan\u0131yor: G\u00fcndemde, Gen\u00e7lere Vergisiz Telefon Konusu da Var!"},"content":{"rendered":"\n<p><\/p>\n\n\n\n<p><strong>Cumhurba\u015fkan\u0131 Recep Tayyip Erdo\u011fan, bug\u00fcn Kabine toplant\u0131s\u0131na ba\u015fkanl\u0131k edecek. Toplant\u0131da, i\u00e7 ve d\u0131\u015f politikadaki geli\u015fmeler ile ekonomi, yine s\u0131cak ba\u015fl\u0131klar olacak.<\/strong><\/p>\n\n\n\n<p>Cumhurba\u015fkanl\u0131\u011f\u0131 K\u00fclliyesi&#8217;nde saat 15.00&#8217;te ba\u015flayacak toplant\u0131da, Rusya-Ukrayna sava\u015f\u0131ndaki son durum ve Rusya\u2019n\u0131n tek tarafl\u0131 \u00e7ekildi\u011fi tah\u0131l koridorunun yeniden canland\u0131r\u0131lmas\u0131na ili\u015fkin at\u0131lacak ad\u0131mlar ele al\u0131nacak. Erdo\u011fan\u2019\u0131n Rus mevkida\u015f\u0131 Vladimir Putin ile bu ay sonu planlanan g\u00f6r\u00fc\u015fmesi de toplant\u0131da konu\u015fulacak.<\/p>\n\n\n\n<p>KKTC\u2019de Pile-Yi\u011fitler yol yap\u0131m \u00e7al\u0131\u015fmalar\u0131n\u0131 engelleyen BM Bar\u0131\u015f G\u00fc\u00e7leri ile ya\u015fanan gerilim de g\u00fcndemde. B\u00f6lgede ya\u015fanan olaylar\u0131n detayl\u0131 bir \u015fekilde toplant\u0131da de\u011ferlendirilmesi bekleniyor.<\/p>\n\n\n\n<p><strong>EKONOM\u0130K GEL\u0130\u015eMELER<\/strong><\/p>\n\n\n\n<p>Kabine toplant\u0131s\u0131nda, T\u00fcrkiye\u2019ye daha fazla yabanc\u0131 yat\u0131r\u0131mc\u0131 \u00e7ekebilmek i\u00e7in at\u0131lacak ad\u0131mlar ve enflasyon rakamlar\u0131 \u00e7er\u00e7evesinde al\u0131nabilecek ek tedbirler masada olacak. Eyl\u00fcl&#8217;de a\u00e7\u0131klanmas\u0131 beklenen Orta Vadeli Program\u2019daki son \u00e7al\u0131\u015fmalar\u0131n de\u011ferlendirilece\u011fi toplant\u0131da, vergi sisteminin modernize edilmesinin de g\u00fcndeme gelmesi bekleniyor.<\/p>\n\n\n\n<p>Memur ve memur emeklilerinin 2024-2025 d\u00f6neminde alacaklar\u0131 maa\u015f\u0131 belirleyecek kamu toplu s\u00f6zle\u015fmesi g\u00f6r\u00fc\u015fmelerindeki son duruma ili\u015fkin de \u00c7al\u0131\u015fma ve Sosyal G\u00fcvenlik Bakan\u0131 Vedat I\u015f\u0131khan Kabine \u00fcyelerini bilgilendirecek.<\/p>\n\n\n\n<p><strong>GEN\u00c7LERE VERG\u0130S\u0130Z TELEFON<\/strong><\/p>\n\n\n\n<p>Toplant\u0131da, se\u00e7im d\u00f6neminde gen\u00e7lere verilen \u00fccretsiz internet, vergisiz telefon ve bilgisayar vaatlerindeki son geli\u015fmeler de ele al\u0131nacak.<\/p>\n","protected":false},"excerpt":{"rendered":"<p>Cumhurba\u015fkan\u0131 Recep Tayyip Erdo\u011fan, bug\u00fcn Kabine toplant\u0131s\u0131na ba\u015fkanl\u0131k edecek. Toplant\u0131da, i\u00e7 ve d\u0131\u015f politikadaki geli\u015fmeler ile&#46;&#46;&#46;<\/p>\n","protected":false},"author":2,"featured_media":8808,"comment_status":"open","ping_status":"open","sticky":false,"template":"","format":"standard","meta":{"inline_featured_image":false,"footnotes":""},"categories":[82,90],"tags":[2625,2624,131,608],"manset":[],"class_list":["post-8806","post","type-post","status-publish","format-standard","has-post-thumbnail","hentry","category-gundem-haberleri","category-turkiye-haberleri","tag-genclere-vergisiz-telefon","tag-kabine-bugun-toplaniyor","tag-son-dakika","tag-urfa-bugun"],"_links":{"self":[{"href":"https:\/\/www.urfabugun.com\/index.php\/wp-json\/wp\/v2\/posts\/8806","targetHints":{"allow":["GET"]}}],"collection":[{"href":"https:\/\/www.urfabugun.com\/index.php\/wp-json\/wp\/v2\/posts"}],"about":[{"href":"https:\/\/www.urfabugun.com\/index.php\/wp-json\/wp\/v2\/types\/post"}],"author":[{"embeddable":true,"href":"https:\/\/www.urfabugun.com\/index.php\/wp-json\/wp\/v2\/users\/2"}],"replies":[{"embeddable":true,"href":"https:\/\/www.urfabugun.com\/index.php\/wp-json\/wp\/v2\/comments?post=8806"}],"version-history":[{"count":0,"href":"https:\/\/www.urfabugun.com\/index.php\/wp-json\/wp\/v2\/posts\/8806\/revisions"}],"wp:featuredmedia":[{"embeddable":true,"href":"https:\/\/www.urfabugun.com\/index.php\/wp-json\/wp\/v2\/media\/8808"}],"wp:attachment":[{"href":"https:\/\/www.urfabugun.com\/index.php\/wp-json\/wp\/v2\/media?parent=8806"}],"wp:term":[{"taxonomy":"category","embeddable":true,"href":"https:\/\/www.urfabugun.com\/index.php\/wp-json\/wp\/v2\/categories?post=8806"},{"taxonomy":"post_tag","embeddable":true,"href":"https:\/\/www.urfabugun.com\/index.php\/wp-json\/wp\/v2\/tags?post=8806"},{"taxonomy":"manset","embeddable":true,"href":"https:\/\/www.urfabugun.com\/index.php\/wp-json\/wp\/v2\/manset?post=8806"}],"curies":[{"name":"wp","href":"https:\/\/api.w.org\/{rel}","templated":true}]}}