{"id":8834,"date":"2023-08-22T10:02:07","date_gmt":"2023-08-22T07:02:07","guid":{"rendered":"https:\/\/www.urfabugun.com\/?p=8834"},"modified":"2023-08-22T10:02:13","modified_gmt":"2023-08-22T07:02:13","slug":"sanliurfada-hafif-ticari-arac-traktore-carpti-1-olu-3-yarali","status":"publish","type":"post","link":"https:\/\/www.urfabugun.com\/index.php\/2023\/08\/22\/sanliurfada-hafif-ticari-arac-traktore-carpti-1-olu-3-yarali\/","title":{"rendered":"\u015eanl\u0131urfa&#8217;da Hafif Ticari Ara\u00e7 Trakt\u00f6re \u00c7arpt\u0131: 1 \u00d6l\u00fc, 3 Yaral\u0131!"},"content":{"rendered":"\n<p><\/p>\n\n\n\n<p><strong>\u015eanl\u0131urfa&#8217;n\u0131n Birecik il\u00e7esinde hafif ticari arac\u0131n trakt\u00f6rle \u00e7arpmas\u0131 sonucu 1 ki\u015fi \u00f6ld\u00fc,3 ki\u015fi yaraland\u0131.<\/strong><\/p>\n\n\n\n<p>\u015eanl\u0131urfa-Gaziantep kara yolunun Kocaali mevkisinde s\u00fcr\u00fcc\u00fcs\u00fcn\u00fcn ismi \u00f6\u011frenilemeyen 80 ACN 244 plakal\u0131 hafif ticari ara\u00e7, s\u00fcr\u00fcc\u00fc ve plakas\u0131 \u00f6\u011frenilemeyen trakt\u00f6re arkandan \u00e7arpt\u0131.<\/p>\n\n\n\n<p>Kazada Halide G, Fethi G, Abdullah B. ile Saliha B. yaraland\u0131. 112 Acil Sa\u011fl\u0131k ekiplerince hastaneye kald\u0131r\u0131lan yaral\u0131lardan Saliha B. kurtar\u0131lmad\u0131.<\/p>\n","protected":false},"excerpt":{"rendered":"<p>\u015eanl\u0131urfa&#8217;n\u0131n Birecik il\u00e7esinde hafif ticari arac\u0131n trakt\u00f6rle \u00e7arpmas\u0131 sonucu 1 ki\u015fi \u00f6ld\u00fc,3 ki\u015fi yaraland\u0131. \u015eanl\u0131urfa-Gaziantep kara&#46;&#46;&#46;<\/p>\n","protected":false},"author":2,"featured_media":8836,"comment_status":"open","ping_status":"open","sticky":false,"template":"","format":"standard","meta":{"inline_featured_image":false,"footnotes":""},"categories":[75],"tags":[2638,184,118,2637,131,107,608],"manset":[],"class_list":["post-8834","post","type-post","status-publish","format-standard","has-post-thumbnail","hentry","category-asayis-haberleri","tag-3-yarali","tag-asayis","tag-sanliurfa","tag-sanliurfada-hafif-ticari-arac-traktore-carpti-1-olu","tag-son-dakika","tag-ub","tag-urfa-bugun"],"_links":{"self":[{"href":"https:\/\/www.urfabugun.com\/index.php\/wp-json\/wp\/v2\/posts\/8834","targetHints":{"allow":["GET"]}}],"collection":[{"href":"https:\/\/www.urfabugun.com\/index.php\/wp-json\/wp\/v2\/posts"}],"about":[{"href":"https:\/\/www.urfabugun.com\/index.php\/wp-json\/wp\/v2\/types\/post"}],"author":[{"embeddable":true,"href":"https:\/\/www.urfabugun.com\/index.php\/wp-json\/wp\/v2\/users\/2"}],"replies":[{"embeddable":true,"href":"https:\/\/www.urfabugun.com\/index.php\/wp-json\/wp\/v2\/comments?post=8834"}],"version-history":[{"count":0,"href":"https:\/\/www.urfabugun.com\/index.php\/wp-json\/wp\/v2\/posts\/8834\/revisions"}],"wp:featuredmedia":[{"embeddable":true,"href":"https:\/\/www.urfabugun.com\/index.php\/wp-json\/wp\/v2\/media\/8836"}],"wp:attachment":[{"href":"https:\/\/www.urfabugun.com\/index.php\/wp-json\/wp\/v2\/media?parent=8834"}],"wp:term":[{"taxonomy":"category","embeddable":true,"href":"https:\/\/www.urfabugun.com\/index.php\/wp-json\/wp\/v2\/categories?post=8834"},{"taxonomy":"post_tag","embeddable":true,"href":"https:\/\/www.urfabugun.com\/index.php\/wp-json\/wp\/v2\/tags?post=8834"},{"taxonomy":"manset","embeddable":true,"href":"https:\/\/www.urfabugun.com\/index.php\/wp-json\/wp\/v2\/manset?post=8834"}],"curies":[{"name":"wp","href":"https:\/\/api.w.org\/{rel}","templated":true}]}}