{"id":8843,"date":"2023-08-22T10:23:39","date_gmt":"2023-08-22T07:23:39","guid":{"rendered":"https:\/\/www.urfabugun.com\/?p=8843"},"modified":"2023-08-22T10:23:45","modified_gmt":"2023-08-22T07:23:45","slug":"ilk-evini-alacaklara-dusuk-faizli-kredi-mujdesi","status":"publish","type":"post","link":"https:\/\/www.urfabugun.com\/index.php\/2023\/08\/22\/ilk-evini-alacaklara-dusuk-faizli-kredi-mujdesi\/","title":{"rendered":"\u0130lk Evini Alacaklara D\u00fc\u015f\u00fck Faizli Kredi M\u00fcjdesi!"},"content":{"rendered":"\n<p><\/p>\n\n\n\n<p><strong>H\u00fck\u00fcmet, konut sekt\u00f6r\u00fcn\u00fc canland\u0131rmak ve rekor seviyelere ula\u015fan konut kredilerini d\u00fc\u015f\u00fcrmek i\u00e7in d\u00fc\u011fmeye bast\u0131.<\/strong><\/p>\n\n\n\n<p>Ge\u00e7ti\u011fimiz g\u00fcnlerde \u0130stanbul Finans Merkezi&#8217;nde finans d\u00fcnyas\u0131n\u0131n temsilcileriyle bir araya gelen Cumhurba\u015fkan\u0131 Yard\u0131mc\u0131s\u0131 Cevdet Y\u0131lmaz, ilk evini alacaklara y\u00f6nelik yeni bir kredi kampanyas\u0131 sinyali vermi\u015fti. Y\u0131lmaz, &#8220;Kamu olarak ilk konut edinimini destekleyici \u00e7er\u00e7eve i\u00e7inde hareket edece\u011fiz.&#8221; ifadelerini kullanm\u0131\u015ft\u0131. S\u00f6z konusu \u00e7al\u0131\u015fman\u0131n detaylar\u0131 netle\u015fmeye ba\u015flad\u0131. Bu kapsamda kamu bankalar\u0131 y\u00fczde 1,20 faiz, 180 ay vade ile vatanda\u015flara kredi verecek.<\/p>\n\n\n\n<p><strong>\u0130LK EV\u0130N\u0130 ALACAKLAR \u0130\u00c7\u0130N D\u00dc\u015e\u00dcK FA\u0130ZL\u0130 KRED\u0130 GEL\u0130YOR<\/strong><\/p>\n\n\n\n<p>H\u00fck\u00fcmet, son d\u00f6nemde rekor seviyeye ula\u015fan konut kredilerini a\u015fa\u011f\u0131ya \u00e7ekmek i\u00e7in d\u00fc\u011fmeye bast\u0131. Cumhurba\u015fkan\u0131 Yard\u0131mc\u0131s\u0131 Cevdet Y\u0131lmaz&#8217;\u0131n d\u00fc\u015f\u00fck faizli kredi sinyali sonras\u0131 \u00e7al\u0131\u015fmalar\u0131n\u0131 h\u0131zland\u0131ran Merkez Bankas\u0131 ve Bankac\u0131l\u0131k D\u00fczenleme ve Denetleme Kurumu (BDDK) harekete ge\u00e7ti. \u0130lk kez ev sahibi olacaklar i\u00e7in d\u00fc\u015f\u00fck faizli konut kredisi geliyor.<\/p>\n\n\n\n<p><strong>HEM SIFIR HEM DE \u0130K\u0130NC\u0130 EL KONUTLARDA GE\u00c7ERL\u0130 OLACAK<\/strong><\/p>\n\n\n\n<p>Kamu bankalar\u0131 arac\u0131l\u0131\u011f\u0131yla vatanda\u015fa sunulacak kredinin vadesi 180 ay olacak. Y\u00fczde 1,20&#8217;lik faiz oran\u0131yla tahsis edilecek kredinin hem s\u0131f\u0131r hem de ikinci el konutlar i\u00e7in ge\u00e7erli olmas\u0131 bekleniyor. S\u00f6z konusu kampanya ile hem konut sekt\u00f6r\u00fcndeki daralman\u0131n \u00f6n\u00fcne ge\u00e7ilecek hem de piyasada bozulan arz talep dengesi yeniden sa\u011flanacak.<\/p>\n\n\n\n<p><strong>D\u00dcZENLEME EK\u0130M AYINDA HAYATA GE\u00c7\u0130R\u0130LECEK<\/strong><\/p>\n\n\n\n<p>Konut kredisinde faizler haziran ay\u0131nda y\u00fczde 18, a\u011fustos ay\u0131nda ise y\u00fczde 35&#8217;lere kadar y\u00fckseldi. Faizlerin y\u00fcksek olmas\u0131n\u0131n yan\u0131nda bankalar\u0131n kredi vermemesi de sat\u0131\u015flara do\u011frudan yans\u0131d\u0131. Konut kredisinde yeni kampanyan\u0131n sekt\u00f6r\u00fc de canland\u0131rmas\u0131 beklenirken d\u00fczenlemenin ekim ay\u0131nda hayata ge\u00e7irilmesinin planland\u0131\u011f\u0131 \u00f6\u011frenildi.<\/p>\n","protected":false},"excerpt":{"rendered":"<p>H\u00fck\u00fcmet, konut sekt\u00f6r\u00fcn\u00fc canland\u0131rmak ve rekor seviyelere ula\u015fan konut kredilerini d\u00fc\u015f\u00fcrmek i\u00e7in d\u00fc\u011fmeye bast\u0131. Ge\u00e7ti\u011fimiz g\u00fcnlerde&#46;&#46;&#46;<\/p>\n","protected":false},"author":2,"featured_media":8845,"comment_status":"open","ping_status":"open","sticky":false,"template":"","format":"standard","meta":{"inline_featured_image":false,"footnotes":""},"categories":[82,80],"tags":[2640,131,139,107,608],"manset":[],"class_list":["post-8843","post","type-post","status-publish","format-standard","has-post-thumbnail","hentry","category-gundem-haberleri","category-ekonomi-haberleri","tag-ilk-evini-alacaklara-dusuk-faizli-kredi-mujdesi","tag-son-dakika","tag-sondakika","tag-ub","tag-urfa-bugun"],"_links":{"self":[{"href":"https:\/\/www.urfabugun.com\/index.php\/wp-json\/wp\/v2\/posts\/8843","targetHints":{"allow":["GET"]}}],"collection":[{"href":"https:\/\/www.urfabugun.com\/index.php\/wp-json\/wp\/v2\/posts"}],"about":[{"href":"https:\/\/www.urfabugun.com\/index.php\/wp-json\/wp\/v2\/types\/post"}],"author":[{"embeddable":true,"href":"https:\/\/www.urfabugun.com\/index.php\/wp-json\/wp\/v2\/users\/2"}],"replies":[{"embeddable":true,"href":"https:\/\/www.urfabugun.com\/index.php\/wp-json\/wp\/v2\/comments?post=8843"}],"version-history":[{"count":0,"href":"https:\/\/www.urfabugun.com\/index.php\/wp-json\/wp\/v2\/posts\/8843\/revisions"}],"wp:featuredmedia":[{"embeddable":true,"href":"https:\/\/www.urfabugun.com\/index.php\/wp-json\/wp\/v2\/media\/8845"}],"wp:attachment":[{"href":"https:\/\/www.urfabugun.com\/index.php\/wp-json\/wp\/v2\/media?parent=8843"}],"wp:term":[{"taxonomy":"category","embeddable":true,"href":"https:\/\/www.urfabugun.com\/index.php\/wp-json\/wp\/v2\/categories?post=8843"},{"taxonomy":"post_tag","embeddable":true,"href":"https:\/\/www.urfabugun.com\/index.php\/wp-json\/wp\/v2\/tags?post=8843"},{"taxonomy":"manset","embeddable":true,"href":"https:\/\/www.urfabugun.com\/index.php\/wp-json\/wp\/v2\/manset?post=8843"}],"curies":[{"name":"wp","href":"https:\/\/api.w.org\/{rel}","templated":true}]}}