{"id":8856,"date":"2023-08-23T09:47:26","date_gmt":"2023-08-23T06:47:26","guid":{"rendered":"https:\/\/www.urfabugun.com\/?p=8856"},"modified":"2023-08-23T09:47:32","modified_gmt":"2023-08-23T06:47:32","slug":"canakkalede-cikan-yangin-22-saattir-devam-ediyor","status":"publish","type":"post","link":"https:\/\/www.urfabugun.com\/index.php\/2023\/08\/23\/canakkalede-cikan-yangin-22-saattir-devam-ediyor\/","title":{"rendered":"\u00c7anakkale&#8217;de \u00c7\u0131kan Yang\u0131n 22 saattir Devam Ediyor!"},"content":{"rendered":"\n<p><\/p>\n\n\n\n<p><strong>\u00c7anakkale&#8217;de merkeze ba\u011fl\u0131 Kaya dere k\u00f6y\u00fcnde d\u00fcn saat 11.40&#8217;da \u00e7\u0131kan ve r\u00fczg\u00e2r\u0131n etkisiyle b\u00fcy\u00fcyen yang\u0131n\u0131 kontrol alt\u0131na almak i\u00e7in \u00e7al\u0131\u015fmalar s\u00fcr\u00fcyor.<\/strong><\/p>\n\n\n\n<p>\u00c7anakkale&#8217;de d\u00fcn saat 11.39&#8217;da ba\u015flayan orman yang\u0131n\u0131 1500 hektar alanda etkili olmaya devam ediyor. 20 saate yak\u0131n s\u00fcredir devam eden yang\u0131n nedeniyle tahliye edilen yerle\u015fim yeri say\u0131s\u0131 9&#8217;a y\u00fckselirken, \u00c7anakkale Bo\u011faz\u0131 kuzey-g\u00fcney gemi ge\u00e7i\u015flerine kapat\u0131ld\u0131. \u00d6te yandan 1251 vatanda\u015f da tahliye edildi.<\/p>\n\n\n\n<figure class=\"wp-block-image size-full is-resized\"><img loading=\"lazy\" decoding=\"async\" src=\"https:\/\/www.urfabugun.com\/wp-content\/uploads\/2023\/08\/canakkale-de-cikan-yangin-20-saattir-devam-ediyor-16254665_8642_m.png\" alt=\"\" class=\"wp-image-8859\" style=\"width:803px;height:449px\" width=\"803\" height=\"449\"\/><\/figure>\n\n\n\n<p><strong>BO\u011eAZ GEM\u0130 GE\u00c7\u0130\u015eLER\u0130NE KAPATILDI<\/strong><\/p>\n\n\n\n<p>\u00c7anakkale&#8217;de \u00e7\u0131kan orman yang\u0131n\u0131 nedeniyle tahliye edilen yerle\u015fim yeri say\u0131s\u0131 9&#8217;a y\u00fckseldi. \u00c7anakkale Bo\u011faz\u0131 kuzey-g\u00fcney gemi ge\u00e7i\u015flerine kapat\u0131ld\u0131.<\/p>\n\n\n\n<p><strong>&#8220;YANGIN 6 SAAT G\u0130B\u0130 KISA B\u0130R S\u00dcREDE MESAFE KATETT\u0130&#8221;<\/strong><\/p>\n\n\n\n<p>Tar\u0131m ve Orman Bakan\u0131 \u0130brahim Yumakl\u0131, Orman Genel M\u00fcd\u00fcrl\u00fc\u011f\u00fc Yang\u0131n Y\u00f6netim Merkezi&#8217;nde, \u00c7anakkale&#8217;deki orman yang\u0131na ili\u015fkin gazetecilere a\u00e7\u0131klamalarda bulundu. Yumakl\u0131, \u015fu anda i\u00e7lerinde en a\u011f\u0131r\u0131n\u0131n \u00c7anakkale&#8217;deki yang\u0131n oldu\u011funa i\u015faret ederek, &#8220;Saat 11.39 itibar\u0131yla Damyeri mevkisinde ba\u015flad\u0131. Birka\u00e7 evin oldu\u011fu bir yerle\u015fim yerinin yan\u0131ndaki araziden \u00e7\u0131kt\u0131\u011f\u0131n\u0131 tespit ettik. \u015eiddetli r\u00fczgar\u0131n etkisiyle h\u0131zl\u0131 bir \u015fekilde yay\u0131ld\u0131. Yang\u0131n ku\u015f u\u00e7u\u015fu yakla\u015f\u0131k 15,1 kilometrelik bir hatta 6 saat gibi k\u0131sa bir s\u00fcrede mesafe katetti.<\/p>\n\n\n\n<figure class=\"wp-block-image size-full is-resized\"><img loading=\"lazy\" decoding=\"async\" src=\"https:\/\/www.urfabugun.com\/wp-content\/uploads\/2023\/08\/canakkale-de-cikan-yangin-20-saattir-devam-ediyor-16254665_1807_m.png\" alt=\"\" class=\"wp-image-8860\" style=\"width:808px;height:537px\" width=\"808\" height=\"537\"\/><\/figure>\n\n\n\n<p><strong>&#8220;YANGIN \u00c7ANAKKALE \u015eEH\u0130R MERKEZ\u0130N\u0130 TE\u011eET GE\u00c7ER HALDE \u0130LERL\u0130YOR&#8221;<\/strong><\/p>\n\n\n\n<p>Yang\u0131n b\u00f6lgesindeki r\u00fczgar\u0131n saatte 70 kilometre h\u0131zla esti\u011fini ve y\u00fczde 19&#8217;luk bir nemin s\u00f6z konusu oldu\u011funu kaydeden Yumakl\u0131, bu durumlar\u0131n yang\u0131nla m\u00fccadeleyi g\u00fc\u00e7le\u015ftirdi\u011fini anlatt\u0131. Yumakl\u0131, b\u00fct\u00fcn g\u00fc\u00e7leriyle yerle\u015fim yerlerini korumaya odaklad\u0131klar\u0131na dikkati \u00e7ekerek, &#8220;Sevindirici taraf\u0131, \u015fu anda Kepez beldesi ba\u015fta olmak \u00fczere yang\u0131n \u00c7anakkale \u015fehir merkezini te\u011fet ge\u00e7er halde ilerliyor&#8221; diye konu\u015ftu. \u00c7anakkale merkeze ba\u011fl\u0131 D\u00f6rtyol k\u00f6y\u00fc yak\u0131nlar\u0131nda orman yang\u0131n\u0131na ekipler havadan ve karadan m\u00fcdahaleye devam ediyor.<\/p>\n\n\n\n<p><strong>&#8220;CAN KAYBI VEYA YARALANAN YOK&#8221;<\/strong><\/p>\n\n\n\n<p>Vali Akta\u015f, civar k\u00f6ylerde \u015fu anda tehlike g\u00f6r\u00fclmedi\u011fini ancak r\u00fczgar\u0131n etkili oldu\u011funu dile getirdi. Bu nedenle \u00f6nlem ald\u0131klar\u0131n\u0131 aktaran Akta\u015f, &#8220;\u00c7anakkale merkezde Kayadere k\u00f6y\u00fcm\u00fcze yak\u0131n yang\u0131n mahallindeki k\u00f6ylerimizdeki vatanda\u015flar\u0131m\u0131z\u0131n da teyakkuzda ve dikkatli olmalar\u0131 \u00f6nem arz etmekte. Can ve mal g\u00fcvenli\u011fi, trafik g\u00fcvenli\u011fi a\u00e7\u0131s\u0131ndan \u00c7an-\u00c7anakkale yolunu ge\u00e7ici olarak trafi\u011fe kapatm\u0131\u015f bulunuyoruz. Yolu kullanacak vatanda\u015flar\u0131m\u0131z\u0131n alternatif g\u00fczergahlar\u0131 kullanmalar\u0131 \u00f6nem arz etmekte.&#8221; diye konu\u015ftu. S\u00f6nd\u00fcrme \u00e7al\u0131\u015fmalar\u0131 i\u00e7in orman te\u015fkilat\u0131n\u0131n t\u00fcm imkanlar\u0131n\u0131 seferber etti\u011fini, en k\u0131sa s\u00fcrede kontrol alt\u0131na al\u0131nmaya \u00e7al\u0131\u015f\u0131laca\u011f\u0131n\u0131 anlatan Akta\u015f, yang\u0131n nedeniyle \u015fu ana kadar can kayb\u0131 veya yaralanan olmad\u0131\u011f\u0131n\u0131 s\u00f6zlerine ekledi.<\/p>\n","protected":false},"excerpt":{"rendered":"<p>\u00c7anakkale&#8217;de merkeze ba\u011fl\u0131 Kaya dere k\u00f6y\u00fcnde d\u00fcn saat 11.40&#8217;da \u00e7\u0131kan ve r\u00fczg\u00e2r\u0131n etkisiyle b\u00fcy\u00fcyen yang\u0131n\u0131 kontrol&#46;&#46;&#46;<\/p>\n","protected":false},"author":2,"featured_media":8858,"comment_status":"open","ping_status":"open","sticky":false,"template":"","format":"standard","meta":{"inline_featured_image":false,"footnotes":""},"categories":[92],"tags":[],"manset":[],"class_list":["post-8856","post","type-post","status-publish","format-standard","has-post-thumbnail","hentry","category-yasam-haberleri"],"_links":{"self":[{"href":"https:\/\/www.urfabugun.com\/index.php\/wp-json\/wp\/v2\/posts\/8856","targetHints":{"allow":["GET"]}}],"collection":[{"href":"https:\/\/www.urfabugun.com\/index.php\/wp-json\/wp\/v2\/posts"}],"about":[{"href":"https:\/\/www.urfabugun.com\/index.php\/wp-json\/wp\/v2\/types\/post"}],"author":[{"embeddable":true,"href":"https:\/\/www.urfabugun.com\/index.php\/wp-json\/wp\/v2\/users\/2"}],"replies":[{"embeddable":true,"href":"https:\/\/www.urfabugun.com\/index.php\/wp-json\/wp\/v2\/comments?post=8856"}],"version-history":[{"count":0,"href":"https:\/\/www.urfabugun.com\/index.php\/wp-json\/wp\/v2\/posts\/8856\/revisions"}],"wp:featuredmedia":[{"embeddable":true,"href":"https:\/\/www.urfabugun.com\/index.php\/wp-json\/wp\/v2\/media\/8858"}],"wp:attachment":[{"href":"https:\/\/www.urfabugun.com\/index.php\/wp-json\/wp\/v2\/media?parent=8856"}],"wp:term":[{"taxonomy":"category","embeddable":true,"href":"https:\/\/www.urfabugun.com\/index.php\/wp-json\/wp\/v2\/categories?post=8856"},{"taxonomy":"post_tag","embeddable":true,"href":"https:\/\/www.urfabugun.com\/index.php\/wp-json\/wp\/v2\/tags?post=8856"},{"taxonomy":"manset","embeddable":true,"href":"https:\/\/www.urfabugun.com\/index.php\/wp-json\/wp\/v2\/manset?post=8856"}],"curies":[{"name":"wp","href":"https:\/\/api.w.org\/{rel}","templated":true}]}}