{"id":8866,"date":"2023-08-23T13:57:47","date_gmt":"2023-08-23T10:57:47","guid":{"rendered":"https:\/\/www.urfabugun.com\/?p=8866"},"modified":"2023-08-23T13:57:53","modified_gmt":"2023-08-23T10:57:53","slug":"korona-virusun-yeni-varyanti-turkiyede-goruldu-mu","status":"publish","type":"post","link":"https:\/\/www.urfabugun.com\/index.php\/2023\/08\/23\/korona-virusun-yeni-varyanti-turkiyede-goruldu-mu\/","title":{"rendered":"Korona Vir\u00fcs\u00fcn Yeni Varyant\u0131 T\u00fcrkiye\u2019de G\u00f6r\u00fcld\u00fc m\u00fc?"},"content":{"rendered":"\n<p><\/p>\n\n\n\n<p><strong>Sa\u011fl\u0131k Bakan\u0131 Fahrettin Koca 6 milyondan fazla insan\u0131n \u00f6l\u00fcm\u00fcne neden olan koronavir\u00fcs\u00fcn alt varyant\u0131 Eris&#8217;in baz\u0131 \u00fclkelerde tespit edilmesi sonras\u0131 bir a\u00e7\u0131klama yapt\u0131.<\/strong><\/p>\n\n\n\n<p>Eris varyant\u0131n\u0131n baz\u0131 \u00fclkelerde tespit edilmesi sonras\u0131 yapt\u0131\u011f\u0131 A\u00e7\u0131klamada \u00dclkemizde yeni varyant\u0131n g\u00f6r\u00fclmedi\u011fini s\u00f6yleyen Koca, \u201cHala Kovid g\u00f6r\u00fcl\u00fcyor mu, evet. Bu d\u00f6nemde giderek mutasyonlarda etkinli\u011fi daha da azalan bir varyant d\u00f6nemi g\u00f6r\u00fcyoruz. Vatanda\u015f\u0131m\u0131z endi\u015felenmesin. Hastane yat\u0131\u015f\u0131 art\u0131ran herhangi bir durum s\u00f6z konusu de\u011fil.\u201d dedi.<\/p>\n\n\n\n<p><strong>YA\u015eLILAR KALABALIKTAN UZAK DURMALI<\/strong><\/p>\n\n\n\n<p>Kapanma d\u00f6neminin s\u00f6z konusu olmayaca\u011f\u0131n\u0131 da belirten Bakan, \u201cGriple ilgili s\u00fcre\u00e7 nas\u0131lsa ayn\u0131 olmal\u0131. Ya\u015fl\u0131lar\u0131m\u0131z kalabal\u0131k ortamlardan, grip vatanda\u015flardan uzak kalmal\u0131.\u201d ifadelerini kulland\u0131.<\/p>\n\n\n\n<p><strong>D\u00dcNYAYI ALARMA GE\u00c7\u0130RD\u0130<\/strong><\/p>\n\n\n\n<p>Omicron varyant\u0131ndan sonra pek \u00e7ok \u00fclke gev\u015feme karar\u0131 al\u0131rken d\u00fcnya Eris haberleri ile bir kez daha alarma ge\u00e7mi\u015f durumda. Ba\u015fta ABD ve \u0130ngiltere olmak \u00fczere pek \u00e7ok \u00fclkede vaka say\u0131lar\u0131 yeniden t\u0131rman\u0131\u015fa ge\u00e7erken uzmanlar bu durumun sorumlusu olarak yeni varyant\u0131 g\u00f6r\u00fcyor.<\/p>\n\n\n\n<p><strong>ER\u0130S V\u0130R\u00dcS\u00dc BEL\u0130RT\u0130LER\u0130 NELERD\u0130R?<\/strong><\/p>\n\n\n\n<p>Eris vir\u00fcs\u00fcn\u00fcn ba\u015fl\u0131ca belirtileri yo\u011fun bir \u015fekilde Omicron varyant\u0131na benzemektedir. Bunlar; bo\u011faz a\u011fr\u0131s\u0131, burun ak\u0131nt\u0131s\u0131, t\u0131kal\u0131 burun, hap\u015f\u0131rma, balgams\u0131z \u00f6ks\u00fcr\u00fck, ba\u015f a\u011fr\u0131s\u0131, balgaml\u0131 \u00f6ks\u00fcr\u00fck, ses k\u0131s\u0131kl\u0131\u011f\u0131, kas a\u011fr\u0131lar\u0131 ve a\u011fr\u0131lar\u0131 ve koku alma duyusunda de\u011fi\u015fikliktir. Bununla birlikte, nefes darl\u0131\u011f\u0131, koku kayb\u0131 ve ate\u015f ana semptomlar aras\u0131nda kabul edilmemektedir.<\/p>\n","protected":false},"excerpt":{"rendered":"<p>Sa\u011fl\u0131k Bakan\u0131 Fahrettin Koca 6 milyondan fazla insan\u0131n \u00f6l\u00fcm\u00fcne neden olan koronavir\u00fcs\u00fcn alt varyant\u0131 Eris&#8217;in baz\u0131&#46;&#46;&#46;<\/p>\n","protected":false},"author":2,"featured_media":8868,"comment_status":"open","ping_status":"open","sticky":false,"template":"","format":"standard","meta":{"inline_featured_image":false,"footnotes":""},"categories":[87],"tags":[541,2644,2615,107],"manset":[],"class_list":["post-8866","post","type-post","status-publish","format-standard","has-post-thumbnail","hentry","category-saglik-haberleri","tag-fahrettin-koca","tag-korona-virusun-yeni-varyanti-turkiyede-goruldu-mu","tag-saglik-2","tag-ub"],"_links":{"self":[{"href":"https:\/\/www.urfabugun.com\/index.php\/wp-json\/wp\/v2\/posts\/8866","targetHints":{"allow":["GET"]}}],"collection":[{"href":"https:\/\/www.urfabugun.com\/index.php\/wp-json\/wp\/v2\/posts"}],"about":[{"href":"https:\/\/www.urfabugun.com\/index.php\/wp-json\/wp\/v2\/types\/post"}],"author":[{"embeddable":true,"href":"https:\/\/www.urfabugun.com\/index.php\/wp-json\/wp\/v2\/users\/2"}],"replies":[{"embeddable":true,"href":"https:\/\/www.urfabugun.com\/index.php\/wp-json\/wp\/v2\/comments?post=8866"}],"version-history":[{"count":0,"href":"https:\/\/www.urfabugun.com\/index.php\/wp-json\/wp\/v2\/posts\/8866\/revisions"}],"wp:featuredmedia":[{"embeddable":true,"href":"https:\/\/www.urfabugun.com\/index.php\/wp-json\/wp\/v2\/media\/8868"}],"wp:attachment":[{"href":"https:\/\/www.urfabugun.com\/index.php\/wp-json\/wp\/v2\/media?parent=8866"}],"wp:term":[{"taxonomy":"category","embeddable":true,"href":"https:\/\/www.urfabugun.com\/index.php\/wp-json\/wp\/v2\/categories?post=8866"},{"taxonomy":"post_tag","embeddable":true,"href":"https:\/\/www.urfabugun.com\/index.php\/wp-json\/wp\/v2\/tags?post=8866"},{"taxonomy":"manset","embeddable":true,"href":"https:\/\/www.urfabugun.com\/index.php\/wp-json\/wp\/v2\/manset?post=8866"}],"curies":[{"name":"wp","href":"https:\/\/api.w.org\/{rel}","templated":true}]}}