{"id":8874,"date":"2023-08-23T15:19:29","date_gmt":"2023-08-23T12:19:29","guid":{"rendered":"https:\/\/www.urfabugun.com\/?p=8874"},"modified":"2023-08-23T15:19:35","modified_gmt":"2023-08-23T12:19:35","slug":"merakla-beklenen-faiz-karari-yarin-aciklaniyor","status":"publish","type":"post","link":"https:\/\/www.urfabugun.com\/index.php\/2023\/08\/23\/merakla-beklenen-faiz-karari-yarin-aciklaniyor\/","title":{"rendered":"Merakla Beklenen Faiz Karar\u0131 Yar\u0131n A\u00e7\u0131klan\u0131yor!"},"content":{"rendered":"\n<p><\/p>\n\n\n\n<p><strong>Politika faizinde bir s\u00fcredir art\u0131\u015fa giden Merkez Bankas\u0131, yeni faiz karar\u0131n\u0131 yar\u0131n a\u00e7\u0131klayacak. Art\u0131\u015f\u0131n devam edece\u011fini \u00f6ng\u00f6ren ekonomistler ise faizin y\u00fczde 17.5&#8217;ten y\u00fczde 20 seviyesine \u00e7\u0131kaca\u011f\u0131n\u0131 tahmin ediyor.<\/strong><\/p>\n\n\n\n<p>Merkez Bankas\u0131 ge\u00e7ti\u011fimiz ay politika faizini y\u00fczde 17.5&#8217;e \u00e7ekti. Yar\u0131n saat 14.00&#8217;te a\u00e7\u0131klanacak faiz karar\u0131 ise merakla bekleniyor. Ekonomistler yar\u0131n faizin y\u00fczde 20 seviyesinde \u00e7\u0131kar\u0131laca\u011f\u0131 tahmininde birle\u015fmi\u015f durumda.<\/p>\n\n\n\n<p><strong>Y\u00dcZDE 20&#8217;YE \u00c7IKACA\u011eI \u00d6NG\u00d6R\u00dcL\u00dcYOR<\/strong><\/p>\n\n\n\n<p>Reuters anketine kat\u0131lan 17 ekonomistin tamam\u0131 y\u00fczde 17,5 seviyesindeki politika faizinde art\u0131\u015f beklerken, tahminler y\u00fczde 18 ila y\u00fczde 20,5 band\u0131nda yer al\u0131yor.<\/p>\n\n\n\n<p>Bloomberg HT&#8217;nin anketine kat\u0131lan 20 kurumun medyan beklentisi, a\u011fustos ay\u0131nda faizin 250 baz puan artarak y\u00fczde 20 seviyesine \u00e7\u0131kaca\u011f\u0131 y\u00f6n\u00fcnde oldu. A\u011fustos ay\u0131 anketinde; maksimum beklenti y\u00fczde 20, minimum beklenti ise y\u00fczde 16 oldu.<\/p>\n\n\n\n<p><strong>YILSONU BEKLENT\u0130S\u0130 Y\u00dcZDE 20-30 ARASINDA<\/strong><\/p>\n\n\n\n<p>AA Finans&#8217;\u0131n 24 A\u011fustos Per\u015fembe g\u00fcn\u00fc ger\u00e7ekle\u015ftirilecek TCMB&#8217;nin Para Politikas\u0131 Kurulu (PPK) toplant\u0131s\u0131na y\u00f6nelik beklenti anketi ise 15 ekonomistin kat\u0131l\u0131m\u0131yla sonu\u00e7land\u0131.<\/p>\n\n\n\n<p>Ekonomistlerin politika faizindeki de\u011fi\u015fikli\u011fe ili\u015fkin beklentilerinin medyan\u0131 250 baz puan art\u0131r\u0131m y\u00f6n\u00fcnde ger\u00e7ekle\u015fti. Anket sonu\u00e7lar\u0131na g\u00f6re, 100 ila 250 baz puanl\u0131k bir art\u0131r\u0131m \u00f6ng\u00f6ren ekonomistlerin politika faizi beklentileri y\u00fczde 18,50 ile y\u00fczde 20,00 aras\u0131nda; y\u0131l sonu politika faizi beklentileri ise y\u00fczde 20 ile 30 aras\u0131nda yer ald\u0131.<\/p>\n\n\n\n<p>Ekonomistlerin y\u0131l sonu politika faizi beklentilerinin medyan\u0131 ise y\u00fczde 26,50 oldu.<\/p>\n","protected":false},"excerpt":{"rendered":"<p>Politika faizinde bir s\u00fcredir art\u0131\u015fa giden Merkez Bankas\u0131, yeni faiz karar\u0131n\u0131 yar\u0131n a\u00e7\u0131klayacak. Art\u0131\u015f\u0131n devam edece\u011fini&#46;&#46;&#46;<\/p>\n","protected":false},"author":2,"featured_media":8876,"comment_status":"open","ping_status":"open","sticky":false,"template":"","format":"standard","meta":{"inline_featured_image":false,"footnotes":""},"categories":[80],"tags":[138,2646,565,131,107],"manset":[],"class_list":["post-8874","post","type-post","status-publish","format-standard","has-post-thumbnail","hentry","category-ekonomi-haberleri","tag-ekonomi","tag-merakla-beklenen-faiz-karari-yarin-aciklaniyor","tag-merkez-bankasi-2","tag-son-dakika","tag-ub"],"_links":{"self":[{"href":"https:\/\/www.urfabugun.com\/index.php\/wp-json\/wp\/v2\/posts\/8874","targetHints":{"allow":["GET"]}}],"collection":[{"href":"https:\/\/www.urfabugun.com\/index.php\/wp-json\/wp\/v2\/posts"}],"about":[{"href":"https:\/\/www.urfabugun.com\/index.php\/wp-json\/wp\/v2\/types\/post"}],"author":[{"embeddable":true,"href":"https:\/\/www.urfabugun.com\/index.php\/wp-json\/wp\/v2\/users\/2"}],"replies":[{"embeddable":true,"href":"https:\/\/www.urfabugun.com\/index.php\/wp-json\/wp\/v2\/comments?post=8874"}],"version-history":[{"count":0,"href":"https:\/\/www.urfabugun.com\/index.php\/wp-json\/wp\/v2\/posts\/8874\/revisions"}],"wp:featuredmedia":[{"embeddable":true,"href":"https:\/\/www.urfabugun.com\/index.php\/wp-json\/wp\/v2\/media\/8876"}],"wp:attachment":[{"href":"https:\/\/www.urfabugun.com\/index.php\/wp-json\/wp\/v2\/media?parent=8874"}],"wp:term":[{"taxonomy":"category","embeddable":true,"href":"https:\/\/www.urfabugun.com\/index.php\/wp-json\/wp\/v2\/categories?post=8874"},{"taxonomy":"post_tag","embeddable":true,"href":"https:\/\/www.urfabugun.com\/index.php\/wp-json\/wp\/v2\/tags?post=8874"},{"taxonomy":"manset","embeddable":true,"href":"https:\/\/www.urfabugun.com\/index.php\/wp-json\/wp\/v2\/manset?post=8874"}],"curies":[{"name":"wp","href":"https:\/\/api.w.org\/{rel}","templated":true}]}}