{"id":8882,"date":"2023-08-24T09:08:43","date_gmt":"2023-08-24T06:08:43","guid":{"rendered":"https:\/\/www.urfabugun.com\/?p=8882"},"modified":"2023-08-24T09:08:50","modified_gmt":"2023-08-24T06:08:50","slug":"sanliurfa-gune-depremle-uyandi","status":"publish","type":"post","link":"https:\/\/www.urfabugun.com\/index.php\/2023\/08\/24\/sanliurfa-gune-depremle-uyandi\/","title":{"rendered":"\u015eanl\u0131urfa G\u00fcne Depremle Uyand\u0131!"},"content":{"rendered":"\n<p><\/p>\n\n\n\n<p><strong>Saat 08.35&#8217;te Malatya merkezli 5 b\u00fcy\u00fckl\u00fc\u011f\u00fcnde deprem meydana geldi. Deprem, \u015eanl\u0131urfa&#8217;dan da hissedildi.<\/strong><\/p>\n\n\n\n<p>Afet ve Acil Durum Y\u00f6netimi Ba\u015fkanl\u0131\u011f\u0131n\u0131n (AFAD) internet sitesinde yer alan bilgiye g\u00f6re, merkez \u00fcss\u00fc Malatya\u2019da 5 b\u00fcy\u00fckl\u00fc\u011f\u00fcnde sars\u0131nt\u0131 kaydedildi.<\/p>\n\n\n\n<p>Deprem, \u015eanl\u0131urfa ve \u00e7evre illerde de hissedildi.<\/p>\n","protected":false},"excerpt":{"rendered":"<p>Saat 08.35&#8217;te Malatya merkezli 5 b\u00fcy\u00fckl\u00fc\u011f\u00fcnde deprem meydana geldi. Deprem, \u015eanl\u0131urfa&#8217;dan da hissedildi. Afet ve Acil&#46;&#46;&#46;<\/p>\n","protected":false},"author":2,"featured_media":8884,"comment_status":"open","ping_status":"open","sticky":false,"template":"","format":"standard","meta":{"inline_featured_image":false,"footnotes":""},"categories":[82],"tags":[178,396,131,107,130],"manset":[],"class_list":["post-8882","post","type-post","status-publish","format-standard","has-post-thumbnail","hentry","category-gundem-haberleri","tag-deprem","tag-malatya","tag-son-dakika","tag-ub","tag-urfa"],"_links":{"self":[{"href":"https:\/\/www.urfabugun.com\/index.php\/wp-json\/wp\/v2\/posts\/8882","targetHints":{"allow":["GET"]}}],"collection":[{"href":"https:\/\/www.urfabugun.com\/index.php\/wp-json\/wp\/v2\/posts"}],"about":[{"href":"https:\/\/www.urfabugun.com\/index.php\/wp-json\/wp\/v2\/types\/post"}],"author":[{"embeddable":true,"href":"https:\/\/www.urfabugun.com\/index.php\/wp-json\/wp\/v2\/users\/2"}],"replies":[{"embeddable":true,"href":"https:\/\/www.urfabugun.com\/index.php\/wp-json\/wp\/v2\/comments?post=8882"}],"version-history":[{"count":0,"href":"https:\/\/www.urfabugun.com\/index.php\/wp-json\/wp\/v2\/posts\/8882\/revisions"}],"wp:featuredmedia":[{"embeddable":true,"href":"https:\/\/www.urfabugun.com\/index.php\/wp-json\/wp\/v2\/media\/8884"}],"wp:attachment":[{"href":"https:\/\/www.urfabugun.com\/index.php\/wp-json\/wp\/v2\/media?parent=8882"}],"wp:term":[{"taxonomy":"category","embeddable":true,"href":"https:\/\/www.urfabugun.com\/index.php\/wp-json\/wp\/v2\/categories?post=8882"},{"taxonomy":"post_tag","embeddable":true,"href":"https:\/\/www.urfabugun.com\/index.php\/wp-json\/wp\/v2\/tags?post=8882"},{"taxonomy":"manset","embeddable":true,"href":"https:\/\/www.urfabugun.com\/index.php\/wp-json\/wp\/v2\/manset?post=8882"}],"curies":[{"name":"wp","href":"https:\/\/api.w.org\/{rel}","templated":true}]}}