{"id":8886,"date":"2023-08-24T12:34:23","date_gmt":"2023-08-24T09:34:23","guid":{"rendered":"https:\/\/www.urfabugun.com\/?p=8886"},"modified":"2023-08-24T12:34:30","modified_gmt":"2023-08-24T09:34:30","slug":"genclik-ve-spor-bakanligi-11-bin-455-personel-alacak","status":"publish","type":"post","link":"https:\/\/www.urfabugun.com\/index.php\/2023\/08\/24\/genclik-ve-spor-bakanligi-11-bin-455-personel-alacak\/","title":{"rendered":"Gen\u00e7lik ve Spor Bakanl\u0131\u011f\u0131 11 Bin 455 Personel Alacak!"},"content":{"rendered":"\n<p><\/p>\n\n\n\n<p><strong>Gen\u00e7lik ve Spor Bakan\u0131 Osman A\u015fk\u0131n Bak, 11 bin 455 s\u00f6zle\u015fmeli personel alacaklar\u0131n\u0131 duyurdu.<\/strong><\/p>\n\n\n\n<p>Bakan Bak, sosyal medya hesab\u0131ndan, bakanl\u0131k merkez ve ta\u015fra te\u015fkilat birimlerinde istihdam edilmek \u00fczere 4 bin 138 destek personeli, 3 bin 622 koruma ve g\u00fcvenlik g\u00f6revlisi, 3 bin 295 b\u00fcro personeli, 400 de psikolog al\u0131naca\u011f\u0131n\u0131 duyurdu.<\/p>\n\n\n\n<p>Ba\u015fvurular b\u00fcro personeli, psikolog ve destek personeli (temizlik) i\u00e7in 28 A\u011fustos-1 Eyl\u00fcl, koruma ve g\u00fcvenlik g\u00f6revlisi ile destek personeli (bak\u0131m-onar\u0131m) i\u00e7in 28 A\u011fustos-6 Eyl\u00fcl tarihlerinde yap\u0131labilecek.<\/p>\n\n\n\n<p>Adaylar ba\u015fvurular\u0131n\u0131 al\u0131mlar\u0131n Resmi Gazete&#8217;de yay\u0131mlanmas\u0131n\u0131n ard\u0131ndan e-Devlet \u00fczerinden Gen\u00e7lik ve Spor Bakanl\u0131\u011f\u0131-Kariyer Kap\u0131s\u0131 Kamu \u0130\u015fe Al\u0131m ve Kariyer Kap\u0131s\u0131 (https:\/\/isealimkariyerkapisi.cbiko.gov.tr) adresinden elektronik ortamda ger\u00e7ekle\u015ftirecek.<\/p>\n\n\n\n<p><strong>&#8220;Gen\u00e7lik ve Spor Bakanl\u0131\u011f\u0131 ailemiz b\u00fcy\u00fcyor&#8221;<\/strong><\/p>\n\n\n\n<p>Bakanl\u0131ktan yap\u0131lan a\u00e7\u0131klamada g\u00f6r\u00fc\u015flerine yer verilen Osman A\u015fk\u0131n Bak, T\u00fcrkiye&#8217;nin d\u00f6rt bir yan\u0131nda tesis yap\u0131ld\u0131\u011f\u0131n\u0131 belirterek, &#8220;Hem gen\u00e7lerimiz hem de sporcular\u0131m\u0131z i\u00e7in en iyi hizmeti sunmaya devam ediyoruz. Bu ama\u00e7la bakanl\u0131\u011f\u0131m\u0131zda istihdam edilmek \u00fczere toplamda 11 bin 455 yeni personel al\u0131m\u0131 ger\u00e7ekle\u015ftirece\u011fiz. Gen\u00e7lik ve Spor Bakanl\u0131\u011f\u0131 ailemiz b\u00fcy\u00fcyor. Aram\u0131za kat\u0131lacak yeni \u00e7al\u0131\u015fma arkada\u015flar\u0131m\u0131zla daha da g\u00fc\u00e7lenece\u011fiz. \u015eimdiden hay\u0131rl\u0131, u\u011furlu olsun&#8221; ifadelerini kulland\u0131.<\/p>\n","protected":false},"excerpt":{"rendered":"<p>Gen\u00e7lik ve Spor Bakan\u0131 Osman A\u015fk\u0131n Bak, 11 bin 455 s\u00f6zle\u015fmeli personel alacaklar\u0131n\u0131 duyurdu. Bakan Bak,&#46;&#46;&#46;<\/p>\n","protected":false},"author":2,"featured_media":8888,"comment_status":"open","ping_status":"open","sticky":false,"template":"","format":"standard","meta":{"inline_featured_image":false,"footnotes":""},"categories":[82],"tags":[2649,2650,131,107],"manset":[],"class_list":["post-8886","post","type-post","status-publish","format-standard","has-post-thumbnail","hentry","category-gundem-haberleri","tag-genclik-ve-spor-bakanligi-11-bin-455-personel-alacak","tag-is","tag-son-dakika","tag-ub"],"_links":{"self":[{"href":"https:\/\/www.urfabugun.com\/index.php\/wp-json\/wp\/v2\/posts\/8886","targetHints":{"allow":["GET"]}}],"collection":[{"href":"https:\/\/www.urfabugun.com\/index.php\/wp-json\/wp\/v2\/posts"}],"about":[{"href":"https:\/\/www.urfabugun.com\/index.php\/wp-json\/wp\/v2\/types\/post"}],"author":[{"embeddable":true,"href":"https:\/\/www.urfabugun.com\/index.php\/wp-json\/wp\/v2\/users\/2"}],"replies":[{"embeddable":true,"href":"https:\/\/www.urfabugun.com\/index.php\/wp-json\/wp\/v2\/comments?post=8886"}],"version-history":[{"count":0,"href":"https:\/\/www.urfabugun.com\/index.php\/wp-json\/wp\/v2\/posts\/8886\/revisions"}],"wp:featuredmedia":[{"embeddable":true,"href":"https:\/\/www.urfabugun.com\/index.php\/wp-json\/wp\/v2\/media\/8888"}],"wp:attachment":[{"href":"https:\/\/www.urfabugun.com\/index.php\/wp-json\/wp\/v2\/media?parent=8886"}],"wp:term":[{"taxonomy":"category","embeddable":true,"href":"https:\/\/www.urfabugun.com\/index.php\/wp-json\/wp\/v2\/categories?post=8886"},{"taxonomy":"post_tag","embeddable":true,"href":"https:\/\/www.urfabugun.com\/index.php\/wp-json\/wp\/v2\/tags?post=8886"},{"taxonomy":"manset","embeddable":true,"href":"https:\/\/www.urfabugun.com\/index.php\/wp-json\/wp\/v2\/manset?post=8886"}],"curies":[{"name":"wp","href":"https:\/\/api.w.org\/{rel}","templated":true}]}}