{"id":8890,"date":"2023-08-24T12:53:23","date_gmt":"2023-08-24T09:53:23","guid":{"rendered":"https:\/\/www.urfabugun.com\/?p=8890"},"modified":"2023-08-24T12:53:29","modified_gmt":"2023-08-24T09:53:29","slug":"asiri-sicaklar-surecek-mi-iste-tahminler","status":"publish","type":"post","link":"https:\/\/www.urfabugun.com\/index.php\/2023\/08\/24\/asiri-sicaklar-surecek-mi-iste-tahminler\/","title":{"rendered":"A\u015f\u0131r\u0131 S\u0131caklar S\u00fcrecek Mi? \u0130\u015fte Tahminler\u2026"},"content":{"rendered":"\n<p><\/p>\n\n\n\n<p><strong>S\u0131cak hava dalgas\u0131 yurt genelinde etkili olmaya devam ediyor. Bu hafta da mevsim normallerinin \u00fczerinde s\u0131cakl\u0131klar kaydedilecek. \u00d6n\u00fcm\u00fczdeki g\u00fcnlerde baz\u0131 b\u00f6lgelerde yer yer ya\u011f\u0131\u015f bekleniyor.<\/strong><\/p>\n\n\n\n<p>Meteoroloji, \u00f6n\u00fcm\u00fczdeki 5 g\u00fcn boyunca s\u0131cakl\u0131klar\u0131n yine mevsim normalleri \u00fczerinde seyretmesini bekliyor.<\/p>\n\n\n\n<p>Baz\u0131 b\u00f6lgelerde ise ya\u011f\u0131\u015f ge\u00e7i\u015fleri bekleniyor. Hava Tahmin Uzman\u0131 Serdar Y\u0131ld\u0131r\u0131m ya\u011f\u0131\u015f g\u00f6r\u00fclecek b\u00f6lgelerle ilgili \u015fu bilgiyi verdi:<\/p>\n\n\n\n<p>&#8220;\u00dclkemizin kuzey do\u011fu kesimlerinin par\u00e7al\u0131 yer yer \u00e7ok bulutlu, Samsun ve Ordu \u00e7evreleri ile Do\u011fu Karadeniz k\u0131y\u0131lar\u0131n\u0131n aral\u0131klarla olmak \u00fczere sa\u011fanak ve g\u00f6k g\u00fcr\u00fclt\u00fcl\u00fc sa\u011fanak g\u00f6r\u00fclece\u011fini tahmin ediyoruz.&#8221;<\/p>\n\n\n\n<p>Ya\u011f\u0131\u015flar\u0131n sadece Karadeniz&#8217;de g\u00f6r\u00fclmeyece\u011fini, bat\u0131 kesimlerde de ya\u011f\u0131\u015f beklentisi oldu\u011funu aktaran Y\u0131ld\u0131r\u0131m, &#8220;\u00d6n\u00fcm\u00fczdeki g\u00fcnlerde Ege, G\u00f6ller y\u00f6resi ve \u00c7anakkale, Bal\u0131kesir k\u0131y\u0131lar\u0131nda \u00f6zellikle pazar g\u00fcn\u00fc \u00f6\u011fleden sonra sa\u011fanak ve g\u00f6k g\u00fcr\u00fclt\u00fcl\u00fc sa\u011fanak bekliyoruz. Bununla birlikte ya\u011f\u0131\u015f alan b\u00f6lgelerimizde hava s\u0131cakl\u0131klar\u0131n\u0131n d\u00fc\u015ferek mevsim normalleri civar\u0131na inece\u011fini tahmin ediyoruz&#8221; dedi.<\/p>\n\n\n\n<p>Ankara ve \u0130zmir&#8217;de s\u0131cakl\u0131klar 35 derece civar\u0131nda, \u0130stanbul&#8217;da 32 dereceyi g\u00f6sterirken \u015eanl\u0131urfa\u2019da ise termometreler 39 dereceyi g\u00f6steriyor.<\/p>\n","protected":false},"excerpt":{"rendered":"<p>S\u0131cak hava dalgas\u0131 yurt genelinde etkili olmaya devam ediyor. Bu hafta da mevsim normallerinin \u00fczerinde s\u0131cakl\u0131klar&#46;&#46;&#46;<\/p>\n","protected":false},"author":2,"featured_media":8892,"comment_status":"open","ping_status":"open","sticky":false,"template":"","format":"standard","meta":{"inline_featured_image":false,"footnotes":""},"categories":[92],"tags":[2651,131,107,130,608],"manset":[],"class_list":["post-8890","post","type-post","status-publish","format-standard","has-post-thumbnail","hentry","category-yasam-haberleri","tag-asiri-sicaklar-surecek-mi-iste-tahminler","tag-son-dakika","tag-ub","tag-urfa","tag-urfa-bugun"],"_links":{"self":[{"href":"https:\/\/www.urfabugun.com\/index.php\/wp-json\/wp\/v2\/posts\/8890","targetHints":{"allow":["GET"]}}],"collection":[{"href":"https:\/\/www.urfabugun.com\/index.php\/wp-json\/wp\/v2\/posts"}],"about":[{"href":"https:\/\/www.urfabugun.com\/index.php\/wp-json\/wp\/v2\/types\/post"}],"author":[{"embeddable":true,"href":"https:\/\/www.urfabugun.com\/index.php\/wp-json\/wp\/v2\/users\/2"}],"replies":[{"embeddable":true,"href":"https:\/\/www.urfabugun.com\/index.php\/wp-json\/wp\/v2\/comments?post=8890"}],"version-history":[{"count":0,"href":"https:\/\/www.urfabugun.com\/index.php\/wp-json\/wp\/v2\/posts\/8890\/revisions"}],"wp:featuredmedia":[{"embeddable":true,"href":"https:\/\/www.urfabugun.com\/index.php\/wp-json\/wp\/v2\/media\/8892"}],"wp:attachment":[{"href":"https:\/\/www.urfabugun.com\/index.php\/wp-json\/wp\/v2\/media?parent=8890"}],"wp:term":[{"taxonomy":"category","embeddable":true,"href":"https:\/\/www.urfabugun.com\/index.php\/wp-json\/wp\/v2\/categories?post=8890"},{"taxonomy":"post_tag","embeddable":true,"href":"https:\/\/www.urfabugun.com\/index.php\/wp-json\/wp\/v2\/tags?post=8890"},{"taxonomy":"manset","embeddable":true,"href":"https:\/\/www.urfabugun.com\/index.php\/wp-json\/wp\/v2\/manset?post=8890"}],"curies":[{"name":"wp","href":"https:\/\/api.w.org\/{rel}","templated":true}]}}