{"id":8910,"date":"2023-08-25T11:30:25","date_gmt":"2023-08-25T08:30:25","guid":{"rendered":"https:\/\/www.urfabugun.com\/?p=8910"},"modified":"2023-08-25T11:30:31","modified_gmt":"2023-08-25T08:30:31","slug":"haliliye-belediyesi-ile-139-ogrencinin-universite-hayali-gercek-oldu","status":"publish","type":"post","link":"https:\/\/www.urfabugun.com\/index.php\/2023\/08\/25\/haliliye-belediyesi-ile-139-ogrencinin-universite-hayali-gercek-oldu\/","title":{"rendered":"Haliliye Belediyesi \u0130le 139 \u00d6\u011frencinin \u00dcniversite Hayali Ger\u00e7ek Oldu!"},"content":{"rendered":"\n<p><\/p>\n\n\n\n<p><strong>Haliliye Belediyesi b\u00fcnyesinde sunulan e\u011fitim hizmetleri ile s\u0131nava haz\u0131rlanan 139 \u00f6\u011frenci \u00fcniversiteyi kazand\u0131. Kendileri i\u00e7in t\u00fcm imkanlar\u0131n seferber edildi\u011fini ifade eden gen\u00e7ler, Ba\u015fkan Canpolat\u2019a te\u015fekk\u00fcrlerini iletti.<\/strong><\/p>\n\n\n\n<p>Belediye Ba\u015fkan\u0131 Mehmet Canpolat\u2019\u0131n gen\u00e7li\u011fe \u00f6nem verilmesi y\u00f6n\u00fcndeki talimatlar\u0131yla \u00f6\u011frenciler gelece\u011fe daha emin ad\u0131mlarla haz\u0131rlan\u0131yor.<\/p>\n\n\n\n<p>Belediye b\u00fcnyesinde bulunan k\u00fct\u00fcphane, et\u00fct merkezleri ve \u00fcniversiteye haz\u0131rl\u0131k kurslar\u0131yla s\u0131navlara haz\u0131rlanan gen\u00e7ler, hayallerine bir ad\u0131m daha yakla\u015f\u0131yor. Uzman e\u011fitmenler taraf\u0131ndan verilen konu anlat\u0131mlar\u0131n\u0131n yan\u0131 s\u0131ra sessiz ve nezih bir ortamda ders \u00e7al\u0131\u015fma f\u0131rsat\u0131 bulan gen\u00e7ler, soru \u00e7\u00f6z\u00fcmleriyle de eksik konular\u0131n\u0131 tamaml\u0131yor. Y\u0131l boyu e\u011fitim merkezlerinde sunulan imkanlarla \u00fcniversite s\u0131nav\u0131na haz\u0131rlanan gen\u00e7ler, Alan Yeterlilik Deneme S\u0131nav\u0131 (AYT)&nbsp; ve Temel Yeterlilik Testinde (TYT) g\u00f6sterdikleri ba\u015far\u0131 ile \u00fcniversiteli oluyor. Belediye b\u00fcnyesindeki merkezler ile hem ders \u00e7al\u0131\u015fma hem de \u00d6SYM format\u0131ndaki deneme s\u0131navlar\u0131yla kendilerini \u00f6l\u00e7me \u015fans\u0131 yakalayan 139 \u00f6\u011frenci, YKS sonu\u00e7lar\u0131n\u0131n a\u00e7\u0131klanmas\u0131yla \u00fcniversitede istedikleri b\u00f6l\u00fcme yerle\u015fti. Lisans b\u00f6l\u00fcmlerinden 85, \u00f6nlisans b\u00f6l\u00fcmlerinden 54 \u00f6\u011frenci \u00fcniversiteye yerle\u015firken; gen\u00e7lerden 12\u2019si t\u0131p fak\u00fcltesi, 6\u2019s\u0131 di\u015f hekimli\u011fi, 3\u2019\u00fc hukuk, 2\u2019si eczac\u0131l\u0131k, 5\u2019i m\u00fchendislik, 6\u2019s\u0131 hem\u015firelik ve 26\u2019s\u0131 \u00f6\u011fretmenlik kazand\u0131. Gen\u00e7ler ba\u015far\u0131lar\u0131yla gururland\u0131r\u0131rken, T\u00fcrkiye 326\u2019nc\u0131s\u0131 olan \u00d6mer Faruk Bulut da, Haliliye Belediyesinin e\u011fitim hizmetleriyle s\u0131nava haz\u0131rlanan gen\u00e7lerden oldu. Hayallerindeki mesle\u011fi kazanan gen\u00e7ler, konu anlat\u0131mlar\u0131, soru \u00e7\u00f6z\u00fcmleri ve tercih dan\u0131\u015fmanl\u0131\u011f\u0131 ile Haliliye Belediyesi\u2019nin hep yanlar\u0131nda olduklar\u0131n\u0131 ifade etti. Bu s\u00fcre\u00e7te kendilerine verilen destek ile motive olduklar\u0131n\u0131 belirten gen\u00e7ler, Belediye Ba\u015fkan\u0131 Mehmet Canpolat\u2019a ve Haliliye Belediyesine te\u015fekk\u00fcrlerini iletti.<\/p>\n","protected":false},"excerpt":{"rendered":"<p>Haliliye Belediyesi b\u00fcnyesinde sunulan e\u011fitim hizmetleri ile s\u0131nava haz\u0131rlanan 139 \u00f6\u011frenci \u00fcniversiteyi kazand\u0131. Kendileri i\u00e7in t\u00fcm&#46;&#46;&#46;<\/p>\n","protected":false},"author":2,"featured_media":8912,"comment_status":"open","ping_status":"open","sticky":false,"template":"","format":"standard","meta":{"inline_featured_image":false,"footnotes":""},"categories":[79],"tags":[135,2656,1969,136,118,131,107,189,608],"manset":[],"class_list":["post-8910","post","type-post","status-publish","format-standard","has-post-thumbnail","hentry","category-egitim-haberleri","tag-haliliye-belediyesi","tag-haliliye-belediyesi-ile-139-ogrencinin-universite-hayali-gercek-oldu","tag-kutuphane","tag-mehmet-canpolat","tag-sanliurfa","tag-son-dakika","tag-ub","tag-universite","tag-urfa-bugun"],"_links":{"self":[{"href":"https:\/\/www.urfabugun.com\/index.php\/wp-json\/wp\/v2\/posts\/8910","targetHints":{"allow":["GET"]}}],"collection":[{"href":"https:\/\/www.urfabugun.com\/index.php\/wp-json\/wp\/v2\/posts"}],"about":[{"href":"https:\/\/www.urfabugun.com\/index.php\/wp-json\/wp\/v2\/types\/post"}],"author":[{"embeddable":true,"href":"https:\/\/www.urfabugun.com\/index.php\/wp-json\/wp\/v2\/users\/2"}],"replies":[{"embeddable":true,"href":"https:\/\/www.urfabugun.com\/index.php\/wp-json\/wp\/v2\/comments?post=8910"}],"version-history":[{"count":0,"href":"https:\/\/www.urfabugun.com\/index.php\/wp-json\/wp\/v2\/posts\/8910\/revisions"}],"wp:featuredmedia":[{"embeddable":true,"href":"https:\/\/www.urfabugun.com\/index.php\/wp-json\/wp\/v2\/media\/8912"}],"wp:attachment":[{"href":"https:\/\/www.urfabugun.com\/index.php\/wp-json\/wp\/v2\/media?parent=8910"}],"wp:term":[{"taxonomy":"category","embeddable":true,"href":"https:\/\/www.urfabugun.com\/index.php\/wp-json\/wp\/v2\/categories?post=8910"},{"taxonomy":"post_tag","embeddable":true,"href":"https:\/\/www.urfabugun.com\/index.php\/wp-json\/wp\/v2\/tags?post=8910"},{"taxonomy":"manset","embeddable":true,"href":"https:\/\/www.urfabugun.com\/index.php\/wp-json\/wp\/v2\/manset?post=8910"}],"curies":[{"name":"wp","href":"https:\/\/api.w.org\/{rel}","templated":true}]}}