{"id":8914,"date":"2023-08-25T11:40:14","date_gmt":"2023-08-25T08:40:14","guid":{"rendered":"https:\/\/www.urfabugun.com\/?p=8914"},"modified":"2023-08-25T11:40:20","modified_gmt":"2023-08-25T08:40:20","slug":"olasi-istanbul-depremi-icin-plan-hazir","status":"publish","type":"post","link":"https:\/\/www.urfabugun.com\/index.php\/2023\/08\/25\/olasi-istanbul-depremi-icin-plan-hazir\/","title":{"rendered":"Olas\u0131 \u0130stanbul Depremi \u0130\u00e7in Plan Haz\u0131r!"},"content":{"rendered":"\n<p><\/p>\n\n\n\n<p><strong>Ula\u015ft\u0131rma Bakan\u0131 Uralo\u011flu, olas\u0131 \u0130stanbul depreminde tahliye planlar\u0131n\u0131n haz\u0131r oldu\u011funu ve ba\u015fta k\u00f6pr\u00fcler olmak \u00fczere g\u00fc\u00e7lendirme \u00e7al\u0131\u015fmas\u0131 yapt\u0131klar\u0131n\u0131 a\u00e7\u0131klad\u0131.<\/strong><\/p>\n\n\n\n<p>Ula\u015ft\u0131rma ve Altyap\u0131 Bakan\u0131 Abdulkadir Uralo\u011flu, Ankara&#8217;da medya temsilcileriyle bir araya geldi\u011fi toplant\u0131da konu\u015ftu. Olas\u0131 \u0130stanbul depremiyle ilgili tahliye planlar\u0131n\u0131n haz\u0131r oldu\u011funu belirten Bakan Uralo\u011flu, tahliyenin Kuzey Marmara Otoyolu-K\u0131nal\u0131 Malkara y\u00f6n\u00fcnden olaca\u011f\u0131n\u0131 ifade etti.<\/p>\n\n\n\n<p><strong>BAKAN URALO\u011eLU&#8217;NDAN \u00d6NEML\u0130 A\u00c7IKLAMALAR<\/strong><\/p>\n\n\n\n<p>Ula\u015ft\u0131rma ve Altyap\u0131 Bakan\u0131 Abdulkadir Uralo\u011flu, kat\u0131ld\u0131\u011f\u0131 etkinlikte g\u00fcndemdeki konulara ili\u015fkin \u00f6nemli de\u011ferlendirmelerde bulundu.<\/p>\n\n\n\n<p><strong>&#8221;\u0130STANBUL \u0130\u00c7\u0130N TAHL\u0130YE PLANI HAZIR&#8221;<\/strong><\/p>\n\n\n\n<p>Olas\u0131 \u0130stanbul depremi i\u00e7in tahliye planlar\u0131n\u0131n haz\u0131r oldu\u011funu belirten Uralo\u011flu, depreme haz\u0131rl\u0131k i\u00e7in k\u00f6pr\u00fc ve otoyollara d\u00f6n\u00fck g\u00fc\u00e7lendirme \u00e7al\u0131\u015fmalar\u0131na dikkat \u00e7ekti.<\/p>\n\n\n\n<p><strong>&#8221;KUZEY MARMARA OTOYOLU KINALI-MALKARA Y\u00d6N\u00dcNDEN OLACAK&#8221;<\/strong><\/p>\n\n\n\n<p>&#8220;\u0130stanbul&#8217;un aort damar\u0131&#8221; diyerek Kuzey Marmara Otoyolu&#8217;nu i\u015faret eden Uralo\u011flu \u015f\u00f6yle konu\u015ftu; &#8221;Biz K\u0131nal\u0131-Malkara dedi\u011fimiz \u00c7anakkale istikametinden gerek tahliye, gerekse de acil yard\u0131m\u0131 da oradan da sa\u011flam\u0131\u015f olaca\u011f\u0131z. Ayn\u0131 \u015fekilde Osmangazi K\u00f6pr\u00fcs\u00fc&#8217;nden Kuzey Marmara Otoyolu&#8217;ndan sa\u011flam\u0131\u015f olaca\u011f\u0131z.<\/p>\n\n\n\n<p><strong>&#8221;K\u00d6PR\u00dcLER\u0130N ASKI HALATLARINI YEN\u0130L\u0130YORUZ&#8221;<\/strong><\/p>\n\n\n\n<p>\u0130stanbul&#8217;daki iki tane k\u00f6pr\u00fcm\u00fcz\u00fcn ask\u0131 halatlar\u0131n\u0131n birini yeniledik. 15 Temmuz ve Fatih Sultan Mehmet K\u00f6pr\u00fcs\u00fc&#8217;nde de devam ediyoruz. Ask\u0131 halatlar\u0131n\u0131 yeniliyoruz ve bunlar\u0131n rutin kontrollerini yap\u0131yoruz. \u00d6zellikle otoyollar \u00fczerindeki viyad\u00fcklerin deprem g\u00fc\u00e7lendirmelerini yap\u0131yoruz.&#8221;<\/p>\n","protected":false},"excerpt":{"rendered":"<p>Ula\u015ft\u0131rma Bakan\u0131 Uralo\u011flu, olas\u0131 \u0130stanbul depreminde tahliye planlar\u0131n\u0131n haz\u0131r oldu\u011funu ve ba\u015fta k\u00f6pr\u00fcler olmak \u00fczere g\u00fc\u00e7lendirme&#46;&#46;&#46;<\/p>\n","protected":false},"author":2,"featured_media":8916,"comment_status":"open","ping_status":"open","sticky":false,"template":"","format":"standard","meta":{"inline_featured_image":false,"footnotes":""},"categories":[90],"tags":[2658,178,303,2657,118,131,107],"manset":[],"class_list":["post-8914","post","type-post","status-publish","format-standard","has-post-thumbnail","hentry","category-turkiye-haberleri","tag-bakan-uraloglu","tag-deprem","tag-istanbul","tag-olasi-istanbul-depremi-icin-plan-hazir","tag-sanliurfa","tag-son-dakika","tag-ub"],"_links":{"self":[{"href":"https:\/\/www.urfabugun.com\/index.php\/wp-json\/wp\/v2\/posts\/8914","targetHints":{"allow":["GET"]}}],"collection":[{"href":"https:\/\/www.urfabugun.com\/index.php\/wp-json\/wp\/v2\/posts"}],"about":[{"href":"https:\/\/www.urfabugun.com\/index.php\/wp-json\/wp\/v2\/types\/post"}],"author":[{"embeddable":true,"href":"https:\/\/www.urfabugun.com\/index.php\/wp-json\/wp\/v2\/users\/2"}],"replies":[{"embeddable":true,"href":"https:\/\/www.urfabugun.com\/index.php\/wp-json\/wp\/v2\/comments?post=8914"}],"version-history":[{"count":0,"href":"https:\/\/www.urfabugun.com\/index.php\/wp-json\/wp\/v2\/posts\/8914\/revisions"}],"wp:featuredmedia":[{"embeddable":true,"href":"https:\/\/www.urfabugun.com\/index.php\/wp-json\/wp\/v2\/media\/8916"}],"wp:attachment":[{"href":"https:\/\/www.urfabugun.com\/index.php\/wp-json\/wp\/v2\/media?parent=8914"}],"wp:term":[{"taxonomy":"category","embeddable":true,"href":"https:\/\/www.urfabugun.com\/index.php\/wp-json\/wp\/v2\/categories?post=8914"},{"taxonomy":"post_tag","embeddable":true,"href":"https:\/\/www.urfabugun.com\/index.php\/wp-json\/wp\/v2\/tags?post=8914"},{"taxonomy":"manset","embeddable":true,"href":"https:\/\/www.urfabugun.com\/index.php\/wp-json\/wp\/v2\/manset?post=8914"}],"curies":[{"name":"wp","href":"https:\/\/api.w.org\/{rel}","templated":true}]}}