{"id":8918,"date":"2023-08-25T14:43:19","date_gmt":"2023-08-25T11:43:19","guid":{"rendered":"https:\/\/www.urfabugun.com\/?p=8918"},"modified":"2023-08-25T14:43:25","modified_gmt":"2023-08-25T11:43:25","slug":"sanliurfada-enkaz-altinda-kalan-kedi-kurtarildi","status":"publish","type":"post","link":"https:\/\/www.urfabugun.com\/index.php\/2023\/08\/25\/sanliurfada-enkaz-altinda-kalan-kedi-kurtarildi\/","title":{"rendered":"\u015eanl\u0131urfa&#8217;da Enkaz Alt\u0131nda Kalan Kedi Kurtar\u0131ld\u0131!"},"content":{"rendered":"\n<p><\/p>\n\n\n\n<p><strong>Kahramanmara\u015f merkezli depremlerden etkilenen \u015eanl\u0131urfa&#8217;da, a\u011f\u0131r hasarl\u0131 olarak y\u0131k\u0131m\u0131 ger\u00e7ekle\u015ftirilen binan\u0131n enkaz\u0131nda kalan kedi, itfaiye ekiplerince \u00e7\u0131kar\u0131ld\u0131.<\/strong><\/p>\n\n\n\n<p>Merkez Haliliye \u0130l\u00e7esi Sultan Fatih Mahallesi&#8217;nde y\u0131k\u0131m\u0131 ger\u00e7ekle\u015ftirilen a\u011f\u0131r hasarl\u0131 bir binan\u0131n enkaz\u0131ndan kedi sesi geldi\u011fini fark eden vatanda\u015flar, durumu \u015eanl\u0131urfa B\u00fcy\u00fck\u015fehir Belediyesi itfaiye ekiplerine bildirdi.<\/p>\n\n\n\n<p>Ekiplerce yap\u0131lan \u00e7al\u0131\u015fman\u0131n ard\u0131ndan kedi enkaz alt\u0131ndan kurtar\u0131ld\u0131.<\/p>\n","protected":false},"excerpt":{"rendered":"<p>Kahramanmara\u015f merkezli depremlerden etkilenen \u015eanl\u0131urfa&#8217;da, a\u011f\u0131r hasarl\u0131 olarak y\u0131k\u0131m\u0131 ger\u00e7ekle\u015ftirilen binan\u0131n enkaz\u0131nda kalan kedi, itfaiye ekiplerince&#46;&#46;&#46;<\/p>\n","protected":false},"author":2,"featured_media":8920,"comment_status":"open","ping_status":"open","sticky":false,"template":"","format":"standard","meta":{"inline_featured_image":false,"footnotes":""},"categories":[82,92],"tags":[178,2659,2661,107],"manset":[],"class_list":["post-8918","post","type-post","status-publish","format-standard","has-post-thumbnail","hentry","category-gundem-haberleri","category-yasam-haberleri","tag-deprem","tag-kedi","tag-sanliurfada-enkaz-altinda-kalan-kedi-kurtarildi","tag-ub"],"_links":{"self":[{"href":"https:\/\/www.urfabugun.com\/index.php\/wp-json\/wp\/v2\/posts\/8918","targetHints":{"allow":["GET"]}}],"collection":[{"href":"https:\/\/www.urfabugun.com\/index.php\/wp-json\/wp\/v2\/posts"}],"about":[{"href":"https:\/\/www.urfabugun.com\/index.php\/wp-json\/wp\/v2\/types\/post"}],"author":[{"embeddable":true,"href":"https:\/\/www.urfabugun.com\/index.php\/wp-json\/wp\/v2\/users\/2"}],"replies":[{"embeddable":true,"href":"https:\/\/www.urfabugun.com\/index.php\/wp-json\/wp\/v2\/comments?post=8918"}],"version-history":[{"count":0,"href":"https:\/\/www.urfabugun.com\/index.php\/wp-json\/wp\/v2\/posts\/8918\/revisions"}],"wp:featuredmedia":[{"embeddable":true,"href":"https:\/\/www.urfabugun.com\/index.php\/wp-json\/wp\/v2\/media\/8920"}],"wp:attachment":[{"href":"https:\/\/www.urfabugun.com\/index.php\/wp-json\/wp\/v2\/media?parent=8918"}],"wp:term":[{"taxonomy":"category","embeddable":true,"href":"https:\/\/www.urfabugun.com\/index.php\/wp-json\/wp\/v2\/categories?post=8918"},{"taxonomy":"post_tag","embeddable":true,"href":"https:\/\/www.urfabugun.com\/index.php\/wp-json\/wp\/v2\/tags?post=8918"},{"taxonomy":"manset","embeddable":true,"href":"https:\/\/www.urfabugun.com\/index.php\/wp-json\/wp\/v2\/manset?post=8918"}],"curies":[{"name":"wp","href":"https:\/\/api.w.org\/{rel}","templated":true}]}}