{"id":8922,"date":"2023-08-25T16:37:55","date_gmt":"2023-08-25T13:37:55","guid":{"rendered":"https:\/\/www.urfabugun.com\/?p=8922"},"modified":"2023-08-25T16:38:01","modified_gmt":"2023-08-25T13:38:01","slug":"sanliurfada-sulama-kanali-yine-can-aldi","status":"publish","type":"post","link":"https:\/\/www.urfabugun.com\/index.php\/2023\/08\/25\/sanliurfada-sulama-kanali-yine-can-aldi\/","title":{"rendered":"\u015eanl\u0131urfa\u2019da Sulama Kanal\u0131 Yine Can Ald\u0131!"},"content":{"rendered":"\n<p><\/p>\n\n\n\n<p><strong>\u015eanl\u0131urfa\u2019n\u0131n Karak\u00f6pr\u00fc il\u00e7esinde sulama kanal\u0131na giren 18 ya\u015f\u0131ndaki Devran Ate\u015f bo\u011fularak hayat\u0131n\u0131 kaybetti.<\/strong><\/p>\n\n\n\n<p>Edinilen bilgiye g\u00f6re olay, Karak\u00f6pr\u00fc il\u00e7esine ba\u011fl\u0131 Kalecik k\u0131rsal mahallesinde meydana geldi. Serinlemek i\u00e7in k\u00f6y\u00fcn yak\u0131nlar\u0131nda sulama kanal\u0131na giren Devran Ate\u015f, belli bir s\u00fcre sonra g\u00f6zden kayboldu.<\/p>\n\n\n\n<p>Olay\u0131 g\u00f6ren \u00e7evredekiler, durumu sa\u011fl\u0131k ve g\u00fcvenlik ekiplerine bildirdi. Ekiplerin saatlerce s\u00fcren \u00e7al\u0131\u015fmas\u0131ndan sonra 18 ya\u015f\u0131ndaki gencin cans\u0131z bedenine ula\u015f\u0131ld\u0131.<\/p>\n\n\n\n<p>Cans\u0131z bedeni sudan \u00e7\u0131kar\u0131lan gen\u00e7, Adli T\u0131p Morgu&#8217;na kald\u0131r\u0131ld\u0131.<\/p>\n\n\n\n<p>Olayla ilgili soru\u015fturma ba\u015flat\u0131ld\u0131.<\/p>\n\n\n\n<p>Kaynak : Gap Times<\/p>\n","protected":false},"excerpt":{"rendered":"<p>\u015eanl\u0131urfa\u2019n\u0131n Karak\u00f6pr\u00fc il\u00e7esinde sulama kanal\u0131na giren 18 ya\u015f\u0131ndaki Devran Ate\u015f bo\u011fularak hayat\u0131n\u0131 kaybetti. Edinilen bilgiye g\u00f6re&#46;&#46;&#46;<\/p>\n","protected":false},"author":2,"featured_media":8924,"comment_status":"open","ping_status":"open","sticky":false,"template":"","format":"standard","meta":{"inline_featured_image":false,"footnotes":""},"categories":[75],"tags":[2663,2662,131,130,608,93],"manset":[],"class_list":["post-8922","post","type-post","status-publish","format-standard","has-post-thumbnail","hentry","category-asayis-haberleri","tag-devran-ates","tag-sanliurfada-sulama-kanali-yine-can-aldi","tag-son-dakika","tag-urfa","tag-urfa-bugun","tag-ust"],"_links":{"self":[{"href":"https:\/\/www.urfabugun.com\/index.php\/wp-json\/wp\/v2\/posts\/8922","targetHints":{"allow":["GET"]}}],"collection":[{"href":"https:\/\/www.urfabugun.com\/index.php\/wp-json\/wp\/v2\/posts"}],"about":[{"href":"https:\/\/www.urfabugun.com\/index.php\/wp-json\/wp\/v2\/types\/post"}],"author":[{"embeddable":true,"href":"https:\/\/www.urfabugun.com\/index.php\/wp-json\/wp\/v2\/users\/2"}],"replies":[{"embeddable":true,"href":"https:\/\/www.urfabugun.com\/index.php\/wp-json\/wp\/v2\/comments?post=8922"}],"version-history":[{"count":0,"href":"https:\/\/www.urfabugun.com\/index.php\/wp-json\/wp\/v2\/posts\/8922\/revisions"}],"wp:featuredmedia":[{"embeddable":true,"href":"https:\/\/www.urfabugun.com\/index.php\/wp-json\/wp\/v2\/media\/8924"}],"wp:attachment":[{"href":"https:\/\/www.urfabugun.com\/index.php\/wp-json\/wp\/v2\/media?parent=8922"}],"wp:term":[{"taxonomy":"category","embeddable":true,"href":"https:\/\/www.urfabugun.com\/index.php\/wp-json\/wp\/v2\/categories?post=8922"},{"taxonomy":"post_tag","embeddable":true,"href":"https:\/\/www.urfabugun.com\/index.php\/wp-json\/wp\/v2\/tags?post=8922"},{"taxonomy":"manset","embeddable":true,"href":"https:\/\/www.urfabugun.com\/index.php\/wp-json\/wp\/v2\/manset?post=8922"}],"curies":[{"name":"wp","href":"https:\/\/api.w.org\/{rel}","templated":true}]}}