{"id":8928,"date":"2023-08-26T10:57:24","date_gmt":"2023-08-26T07:57:24","guid":{"rendered":"https:\/\/www.urfabugun.com\/?p=8928"},"modified":"2023-08-26T10:57:31","modified_gmt":"2023-08-26T07:57:31","slug":"sanliurfada-toplama-merkezi-yaninda-erkek-cesedi-bulundu","status":"publish","type":"post","link":"https:\/\/www.urfabugun.com\/index.php\/2023\/08\/26\/sanliurfada-toplama-merkezi-yaninda-erkek-cesedi-bulundu\/","title":{"rendered":"\u015eanl\u0131urfa\u2019da Toplama Merkezi Yan\u0131nda Erkek Cesedi Bulundu!"},"content":{"rendered":"\n<p><\/p>\n\n\n\n<p><strong>\u015eanl\u0131urfa\u2019da kentin en i\u015flek noktalar\u0131ndan biri olan toplama merkezi yak\u0131nlar\u0131nda silahla vurulmu\u015f halde 30 ya\u015flar\u0131nda bir erkek cesedi bulundu.<\/strong><\/p>\n\n\n\n<p>\u015eanl\u0131urfa&#8217;n\u0131n Haliliye il\u00e7esine ba\u011fl\u0131 bamyasuyu mahallesinde silahla vurulmu\u015f h\u00e2lde bir erkek cesedi bulundu. Yerde kanlar i\u00e7inde yatan \u015fahs\u0131 g\u00f6renler durumu polis ve sa\u011fl\u0131k ekiplerine bildirdi.<\/p>\n\n\n\n<p>Sa\u011fl\u0131k ekipleri olay yerinde yapt\u0131\u011f\u0131 ilk m\u00fcdahalenin ard\u0131ndan 30 ya\u015f\u0131ndaki ge\u00e7 adam\u0131n \u00f6ld\u00fc\u011f\u00fcn\u00fc belirledi.<\/p>\n\n\n\n<p>Aile yak\u0131nlar\u0131n\u0131n sinir ge\u00e7irdi\u011fi esrarengiz olayda polis ekipleri G.A \u2018n\u0131n intihar etti\u011fi olas\u0131l\u0131\u011f\u0131 \u00fczerinde duruyor.<\/p>\n\n\n\n<p>Polis olayla ilgili soru\u015fturma ba\u015flatt\u0131.<\/p>\n","protected":false},"excerpt":{"rendered":"<p>\u015eanl\u0131urfa\u2019da kentin en i\u015flek noktalar\u0131ndan biri olan toplama merkezi yak\u0131nlar\u0131nda silahla vurulmu\u015f halde 30 ya\u015flar\u0131nda bir&#46;&#46;&#46;<\/p>\n","protected":false},"author":2,"featured_media":8930,"comment_status":"open","ping_status":"open","sticky":false,"template":"","format":"standard","meta":{"inline_featured_image":false,"footnotes":""},"categories":[75],"tags":[184,118,131,107,2664],"manset":[],"class_list":["post-8928","post","type-post","status-publish","format-standard","has-post-thumbnail","hentry","category-asayis-haberleri","tag-asayis","tag-sanliurfa","tag-son-dakika","tag-ub","tag-urfada-toplama-merkezi-yaninda-erkek-cesedi-bulundu"],"_links":{"self":[{"href":"https:\/\/www.urfabugun.com\/index.php\/wp-json\/wp\/v2\/posts\/8928","targetHints":{"allow":["GET"]}}],"collection":[{"href":"https:\/\/www.urfabugun.com\/index.php\/wp-json\/wp\/v2\/posts"}],"about":[{"href":"https:\/\/www.urfabugun.com\/index.php\/wp-json\/wp\/v2\/types\/post"}],"author":[{"embeddable":true,"href":"https:\/\/www.urfabugun.com\/index.php\/wp-json\/wp\/v2\/users\/2"}],"replies":[{"embeddable":true,"href":"https:\/\/www.urfabugun.com\/index.php\/wp-json\/wp\/v2\/comments?post=8928"}],"version-history":[{"count":0,"href":"https:\/\/www.urfabugun.com\/index.php\/wp-json\/wp\/v2\/posts\/8928\/revisions"}],"wp:featuredmedia":[{"embeddable":true,"href":"https:\/\/www.urfabugun.com\/index.php\/wp-json\/wp\/v2\/media\/8930"}],"wp:attachment":[{"href":"https:\/\/www.urfabugun.com\/index.php\/wp-json\/wp\/v2\/media?parent=8928"}],"wp:term":[{"taxonomy":"category","embeddable":true,"href":"https:\/\/www.urfabugun.com\/index.php\/wp-json\/wp\/v2\/categories?post=8928"},{"taxonomy":"post_tag","embeddable":true,"href":"https:\/\/www.urfabugun.com\/index.php\/wp-json\/wp\/v2\/tags?post=8928"},{"taxonomy":"manset","embeddable":true,"href":"https:\/\/www.urfabugun.com\/index.php\/wp-json\/wp\/v2\/manset?post=8928"}],"curies":[{"name":"wp","href":"https:\/\/api.w.org\/{rel}","templated":true}]}}