{"id":8960,"date":"2023-08-28T09:40:30","date_gmt":"2023-08-28T06:40:30","guid":{"rendered":"https:\/\/www.urfabugun.com\/?p=8960"},"modified":"2023-08-28T09:40:37","modified_gmt":"2023-08-28T06:40:37","slug":"naci-gorurbeklentim-degistidiyerek-bir-ili-daha-uyardi-fayin-uzerinde-oturuyorlar","status":"publish","type":"post","link":"https:\/\/www.urfabugun.com\/index.php\/2023\/08\/28\/naci-gorurbeklentim-degistidiyerek-bir-ili-daha-uyardi-fayin-uzerinde-oturuyorlar\/","title":{"rendered":"Naci G\u00f6r\u00fcr,&#8221;Beklentim De\u011fi\u015fti&#8221;Diyerek Bir \u0130li Daha Uyard\u0131: Fay\u0131n \u00dczerinde Oturuyorlar!"},"content":{"rendered":"\n<p><\/p>\n\n\n\n<p><strong>Kahramanmara\u015f depremlerinin her \u015feyi etkiledi\u011fini, faylar\u0131n stres alan\u0131n\u0131 de\u011fi\u015ftirdi\u011fini s\u00f6yleyen Prof. Dr. Naci G\u00f6r\u00fcr, &#8220;Deprem beklentim de\u011fi\u015fti&#8221; diyerek, Kayseri&#8217;ye dikkat \u00e7ekti.<\/strong><\/p>\n\n\n\n<p>Deprem bilimci Prof. Dr. Naci G\u00f6r\u00fcr, Kahramanmara\u015f depremlerinin faylar\u0131n stres alanlar\u0131n\u0131 de\u011fi\u015ftirdi\u011fini belirtti.<\/p>\n\n\n\n<p><strong>&#8220;KAYSER\u0130 CANLI B\u0130R FAYIN \u00dcZER\u0130NDE OTURUYOR&#8221;<\/strong><\/p>\n\n\n\n<p>Mesela Kayseri&#8217;de Deprem oldu. Ama kimileri de \u00e7\u0131k\u0131yor; &#8216;Kayseri&#8217;de 7 b\u00fcy\u00fckl\u00fckte deprem olmaz&#8217; diyor. Kayseri halbuki canl\u0131 bir fay\u0131n \u00fczerinde oturuyor. \u00dczerinde oturdu\u011fu fay 700 kilometre uzunlu\u011funda. Bir fay depremi ne zaman olu\u015fturur tekerr\u00fcr periyodu dolarsa. 99 depremlerinden sonra biz ba\u011f\u0131rd\u0131k; &#8216;Marmara tehlikede&#8217; diye. \u00c7\u00fcnk\u00fc 99 depremleri \u00f6nemli \u00f6l\u00e7\u00fcde strese Marmara&#8217;n\u0131n alt\u0131na y\u00fckledi. Normalde 99 depremleri olmasayd\u0131 depremi normal periyodunda bekleyecektik. Halbuki \u015fimdi erkene \u00e7ekti, onun i\u00e7in alarm veriyoruz.<\/p>\n\n\n\n<p><strong>&#8220;CELAL \u015eENG\u00d6R&#8217;\u00dcN \u0130STANBUL&#8217;U TERK ETMES\u0130 YANLI\u015e ANLA\u015eILDI&#8221;<\/strong><\/p>\n\n\n\n<p>Celal \u015eeng\u00f6r&#8217;\u00fcn \u0130stanbul&#8217;u terk etmesi yanl\u0131\u015f anla\u015f\u0131ld\u0131. S\u0131rf \u0130stanbul&#8217;da farkl\u0131l\u0131k olu\u015fturulsun yani bu i\u015f ciddiye al\u0131nm\u0131yor diye bu karar\u0131 alm\u0131\u015ft\u0131r. Gitti\u011fi yer de \u00e7ok yak\u0131n yer \u00c7anakkale&#8217;dir. Celal en az benim kadar \u00fclkesini seven bir insand\u0131r. Ben T\u00fcrkiye jeolojisini inanarak s\u00f6yl\u00fcyorum Celal&#8217;den \u00f6nce ve Celal&#8217;den sonra diye ay\u0131r\u0131yorum.&#8221;<\/p>\n","protected":false},"excerpt":{"rendered":"<p>Kahramanmara\u015f depremlerinin her \u015feyi etkiledi\u011fini, faylar\u0131n stres alan\u0131n\u0131 de\u011fi\u015ftirdi\u011fini s\u00f6yleyen Prof. Dr. Naci G\u00f6r\u00fcr, &#8220;Deprem beklentim&#46;&#46;&#46;<\/p>\n","protected":false},"author":2,"featured_media":8962,"comment_status":"open","ping_status":"open","sticky":false,"template":"","format":"standard","meta":{"inline_featured_image":false,"footnotes":""},"categories":[90],"tags":[404,178,2673,2672,1223,623,118,131,139,107,608],"manset":[],"class_list":["post-8960","post","type-post","status-publish","format-standard","has-post-thumbnail","hentry","category-turkiye-haberleri","tag-adiyaman","tag-deprem","tag-fay-hatti","tag-kahrammanmaras","tag-kayseri","tag-naci-gorur","tag-sanliurfa","tag-son-dakika","tag-sondakika","tag-ub","tag-urfa-bugun"],"_links":{"self":[{"href":"https:\/\/www.urfabugun.com\/index.php\/wp-json\/wp\/v2\/posts\/8960","targetHints":{"allow":["GET"]}}],"collection":[{"href":"https:\/\/www.urfabugun.com\/index.php\/wp-json\/wp\/v2\/posts"}],"about":[{"href":"https:\/\/www.urfabugun.com\/index.php\/wp-json\/wp\/v2\/types\/post"}],"author":[{"embeddable":true,"href":"https:\/\/www.urfabugun.com\/index.php\/wp-json\/wp\/v2\/users\/2"}],"replies":[{"embeddable":true,"href":"https:\/\/www.urfabugun.com\/index.php\/wp-json\/wp\/v2\/comments?post=8960"}],"version-history":[{"count":0,"href":"https:\/\/www.urfabugun.com\/index.php\/wp-json\/wp\/v2\/posts\/8960\/revisions"}],"wp:featuredmedia":[{"embeddable":true,"href":"https:\/\/www.urfabugun.com\/index.php\/wp-json\/wp\/v2\/media\/8962"}],"wp:attachment":[{"href":"https:\/\/www.urfabugun.com\/index.php\/wp-json\/wp\/v2\/media?parent=8960"}],"wp:term":[{"taxonomy":"category","embeddable":true,"href":"https:\/\/www.urfabugun.com\/index.php\/wp-json\/wp\/v2\/categories?post=8960"},{"taxonomy":"post_tag","embeddable":true,"href":"https:\/\/www.urfabugun.com\/index.php\/wp-json\/wp\/v2\/tags?post=8960"},{"taxonomy":"manset","embeddable":true,"href":"https:\/\/www.urfabugun.com\/index.php\/wp-json\/wp\/v2\/manset?post=8960"}],"curies":[{"name":"wp","href":"https:\/\/api.w.org\/{rel}","templated":true}]}}