{"id":8972,"date":"2023-08-28T13:53:57","date_gmt":"2023-08-28T10:53:57","guid":{"rendered":"https:\/\/www.urfabugun.com\/?p=8972"},"modified":"2023-08-28T13:54:08","modified_gmt":"2023-08-28T10:54:08","slug":"baytemurdan-zehir-zemberek-aciklama","status":"publish","type":"post","link":"https:\/\/www.urfabugun.com\/index.php\/2023\/08\/28\/baytemurdan-zehir-zemberek-aciklama\/","title":{"rendered":"Baytemur\u2019dan Zehir Zemberek A\u00e7\u0131klama!"},"content":{"rendered":"\n<p><\/p>\n\n\n\n<p><strong>Ba\u015fkan Talat Beytemur zehir zemberek payla\u015f\u0131mda bulunarak Re\u015fit Karaka\u015f\u2019\u0131 ele\u015ftirdi.<\/strong><\/p>\n\n\n\n<p>\u015eanl\u0131urfasporda Sular Durulmuyor. Ba\u015fkan Talat Baytemur zehir zemberek payla\u015f\u0131mda bulunarak Re\u015fit Karaka\u015f\u2019\u0131 ele\u015ftirdi.<\/p>\n\n\n\n<p>\u00d6nceki D\u00f6nem Taraf\u0131ndan sorumlu Ba\u015fkan\u0131 Talat Baytemur Re\u015fit Karaka\u015f\u2019\u0131n g\u00f6revi Bilgisi d\u0131\u015f\u0131nda ald\u0131\u011f\u0131 iddia edildi. Bu iddialar\u0131 do\u011frular neticesinde bir payla\u015f\u0131m yapan Baytemur Sosyal Medya \u00dczerinden A\u011f\u0131r ele\u015ftirilerde bulunarak \u201cRe\u015fit senin Yapaca\u011f\u0131n Ba\u015fkanl\u0131k May\u0131s sinegi \u00d6mr\u00fc Kadard\u0131r Diyerek Ba\u015fkanl\u0131k Koltu\u011funun ge\u00e7ici oldu\u011funu ima etti.<\/p>\n\n\n\n<p>\u015eanl\u0131urfaspor Kul\u00fcp Ba\u015fkan\u0131 Ha\u00e7im \u0130zol S\u0131k s\u0131k birliktelik vurgusu yapsa da \u0130ki y\u00f6netici aras\u0131nda sorunlar oldu\u011fu a\u00e7\u0131k\u00e7a g\u00f6r\u00fcl\u00fcyordu.Bu sorunlar neticesinde \u015eanl\u0131urfaspor da ta\u015flar\u0131n yerinden oynayaca\u011f\u0131n\u0131 hissetirdi.<\/p>\n","protected":false},"excerpt":{"rendered":"<p>Ba\u015fkan Talat Beytemur zehir zemberek payla\u015f\u0131mda bulunarak Re\u015fit Karaka\u015f\u2019\u0131 ele\u015ftirdi. \u015eanl\u0131urfasporda Sular Durulmuyor. Ba\u015fkan Talat Baytemur&#46;&#46;&#46;<\/p>\n","protected":false},"author":2,"featured_media":8974,"comment_status":"open","ping_status":"open","sticky":false,"template":"","format":"standard","meta":{"inline_featured_image":false,"footnotes":""},"categories":[82],"tags":[2677,2680,270,131,2679,107],"manset":[],"class_list":["post-8972","post","type-post","status-publish","format-standard","has-post-thumbnail","hentry","category-gundem-haberleri","tag-baytemurdan-zehir-zemberek-aciklama","tag-hacim-izol","tag-sanliurfaspor","tag-son-dakika","tag-talat-baytemur","tag-ub"],"_links":{"self":[{"href":"https:\/\/www.urfabugun.com\/index.php\/wp-json\/wp\/v2\/posts\/8972","targetHints":{"allow":["GET"]}}],"collection":[{"href":"https:\/\/www.urfabugun.com\/index.php\/wp-json\/wp\/v2\/posts"}],"about":[{"href":"https:\/\/www.urfabugun.com\/index.php\/wp-json\/wp\/v2\/types\/post"}],"author":[{"embeddable":true,"href":"https:\/\/www.urfabugun.com\/index.php\/wp-json\/wp\/v2\/users\/2"}],"replies":[{"embeddable":true,"href":"https:\/\/www.urfabugun.com\/index.php\/wp-json\/wp\/v2\/comments?post=8972"}],"version-history":[{"count":0,"href":"https:\/\/www.urfabugun.com\/index.php\/wp-json\/wp\/v2\/posts\/8972\/revisions"}],"wp:featuredmedia":[{"embeddable":true,"href":"https:\/\/www.urfabugun.com\/index.php\/wp-json\/wp\/v2\/media\/8974"}],"wp:attachment":[{"href":"https:\/\/www.urfabugun.com\/index.php\/wp-json\/wp\/v2\/media?parent=8972"}],"wp:term":[{"taxonomy":"category","embeddable":true,"href":"https:\/\/www.urfabugun.com\/index.php\/wp-json\/wp\/v2\/categories?post=8972"},{"taxonomy":"post_tag","embeddable":true,"href":"https:\/\/www.urfabugun.com\/index.php\/wp-json\/wp\/v2\/tags?post=8972"},{"taxonomy":"manset","embeddable":true,"href":"https:\/\/www.urfabugun.com\/index.php\/wp-json\/wp\/v2\/manset?post=8972"}],"curies":[{"name":"wp","href":"https:\/\/api.w.org\/{rel}","templated":true}]}}