{"id":8980,"date":"2023-08-29T08:21:53","date_gmt":"2023-08-29T05:21:53","guid":{"rendered":"https:\/\/www.urfabugun.com\/?p=8980"},"modified":"2023-08-29T08:22:00","modified_gmt":"2023-08-29T05:22:00","slug":"48-buyuklugunde-korkutan-deprem","status":"publish","type":"post","link":"https:\/\/www.urfabugun.com\/index.php\/2023\/08\/29\/48-buyuklugunde-korkutan-deprem\/","title":{"rendered":"4,8 B\u00fcy\u00fckl\u00fc\u011f\u00fcnde Korkutan Deprem!"},"content":{"rendered":"\n<p><\/p>\n\n\n\n<p><strong>Konya&#8217;n\u0131n Kulu il\u00e7esinde 4,8 b\u00fcy\u00fckl\u00fc\u011f\u00fcnde deprem meydana geldi.<\/strong><\/p>\n\n\n\n<p>Afet ve Acil Durum Y\u00f6netimi Ba\u015fkanl\u0131\u011f\u0131n\u0131n (AFAD) sitesinde yer alan bilgiye g\u00f6re, merkez \u00fcss\u00fc Kulu olan 4,8 b\u00fcy\u00fckl\u00fc\u011f\u00fcnde sars\u0131nt\u0131 kaydedildi.<\/p>\n\n\n\n<p>Depremin 13,57 kilometre derinlikte oldu\u011fu belirlendi.<\/p>\n\n\n\n<p>Sars\u0131nt\u0131 Ankara ba\u015fta olmak \u00fczere \u00e7evre illerde de hissedildi.<\/p>\n","protected":false},"excerpt":{"rendered":"<p>Konya&#8217;n\u0131n Kulu il\u00e7esinde 4,8 b\u00fcy\u00fckl\u00fc\u011f\u00fcnde deprem meydana geldi. Afet ve Acil Durum Y\u00f6netimi Ba\u015fkanl\u0131\u011f\u0131n\u0131n (AFAD) sitesinde&#46;&#46;&#46;<\/p>\n","protected":false},"author":2,"featured_media":8982,"comment_status":"open","ping_status":"open","sticky":false,"template":"","format":"standard","meta":{"inline_featured_image":false,"footnotes":""},"categories":[90,82],"tags":[178,1808,118,131,107,608],"manset":[],"class_list":["post-8980","post","type-post","status-publish","format-standard","has-post-thumbnail","hentry","category-turkiye-haberleri","category-gundem-haberleri","tag-deprem","tag-konya","tag-sanliurfa","tag-son-dakika","tag-ub","tag-urfa-bugun"],"_links":{"self":[{"href":"https:\/\/www.urfabugun.com\/index.php\/wp-json\/wp\/v2\/posts\/8980","targetHints":{"allow":["GET"]}}],"collection":[{"href":"https:\/\/www.urfabugun.com\/index.php\/wp-json\/wp\/v2\/posts"}],"about":[{"href":"https:\/\/www.urfabugun.com\/index.php\/wp-json\/wp\/v2\/types\/post"}],"author":[{"embeddable":true,"href":"https:\/\/www.urfabugun.com\/index.php\/wp-json\/wp\/v2\/users\/2"}],"replies":[{"embeddable":true,"href":"https:\/\/www.urfabugun.com\/index.php\/wp-json\/wp\/v2\/comments?post=8980"}],"version-history":[{"count":0,"href":"https:\/\/www.urfabugun.com\/index.php\/wp-json\/wp\/v2\/posts\/8980\/revisions"}],"wp:featuredmedia":[{"embeddable":true,"href":"https:\/\/www.urfabugun.com\/index.php\/wp-json\/wp\/v2\/media\/8982"}],"wp:attachment":[{"href":"https:\/\/www.urfabugun.com\/index.php\/wp-json\/wp\/v2\/media?parent=8980"}],"wp:term":[{"taxonomy":"category","embeddable":true,"href":"https:\/\/www.urfabugun.com\/index.php\/wp-json\/wp\/v2\/categories?post=8980"},{"taxonomy":"post_tag","embeddable":true,"href":"https:\/\/www.urfabugun.com\/index.php\/wp-json\/wp\/v2\/tags?post=8980"},{"taxonomy":"manset","embeddable":true,"href":"https:\/\/www.urfabugun.com\/index.php\/wp-json\/wp\/v2\/manset?post=8980"}],"curies":[{"name":"wp","href":"https:\/\/api.w.org\/{rel}","templated":true}]}}