{"id":8984,"date":"2023-08-29T08:27:23","date_gmt":"2023-08-29T05:27:23","guid":{"rendered":"https:\/\/www.urfabugun.com\/?p=8984"},"modified":"2023-08-29T08:27:29","modified_gmt":"2023-08-29T05:27:29","slug":"astor-enerji-sanliurfaspor-diogo-coelho-ile-anlasti","status":"publish","type":"post","link":"https:\/\/www.urfabugun.com\/index.php\/2023\/08\/29\/astor-enerji-sanliurfaspor-diogo-coelho-ile-anlasti\/","title":{"rendered":"ASTOR Enerji \u015eanl\u0131urfaspor, Diogo Coelho \u0130le Anla\u015ft\u0131!"},"content":{"rendered":"\n<p> <p class=\"MsoNormal\"><span style=\"font-size: revert; background-color: rgb(255, 255, 255); word-spacing: 0.001em;\"> <\/span><span style=\"background-color: rgba(51, 51, 51, 0.2); font-size: revert; word-spacing: 0.001em;\">Trendyol 1. Lig&#8217;in yeni ekiplerinden ASTOR Enerji \u015eanl\u0131urfaspor, Kocaelispor&#8217;da forma giyen stoper Diogo Alexis Rodrigus Coelho \u00d6z\u00e7akmak&#8217;\u0131 transfer etti.<\/span><\/p><p class=\"MsoNormal\"><o:p>\u00a0<\/o:p><span style=\"font-size: revert; word-spacing: 0.001em;\">Sar\u0131-ye\u015filli kul\u00fcpten yap\u0131lan a\u00e7\u0131klamada, &#8220;Kul\u00fcb\u00fcm\u00fcz ge\u00e7ti\u011fimiz sezon Kocaelispor&#8217;da forma giyen stoper Diogo Alexis Rodrigus Coelho \u00d6z\u00e7akmak ile s\u00f6zle\u015fme imzalad\u0131.\u201d ifadesi kullan\u0131ld\u0131.<\/span><\/p> <p class=\"MsoNormal\"><o:p>\u00a0<\/o:p><\/p> <\/p>\n","protected":false},"excerpt":{"rendered":"<p>Trendyol 1. Lig&#8217;in yeni ekiplerinden ASTOR Enerji \u015eanl\u0131urfaspor, Kocaelispor&#8217;da forma giyen stoper Diogo Alexis Rodrigus Coelho&#46;&#46;&#46;<\/p>\n","protected":false},"author":2,"featured_media":8986,"comment_status":"open","ping_status":"open","sticky":false,"template":"","format":"standard","meta":{"inline_featured_image":false,"footnotes":""},"categories":[88],"tags":[2683,538,131,107,122],"manset":[],"class_list":["post-8984","post","type-post","status-publish","format-standard","has-post-thumbnail","hentry","category-spor-haberleri","tag-diogo-coelho-sanliurfada","tag-futbol","tag-son-dakika","tag-ub","tag-urfaspor"],"_links":{"self":[{"href":"https:\/\/www.urfabugun.com\/index.php\/wp-json\/wp\/v2\/posts\/8984","targetHints":{"allow":["GET"]}}],"collection":[{"href":"https:\/\/www.urfabugun.com\/index.php\/wp-json\/wp\/v2\/posts"}],"about":[{"href":"https:\/\/www.urfabugun.com\/index.php\/wp-json\/wp\/v2\/types\/post"}],"author":[{"embeddable":true,"href":"https:\/\/www.urfabugun.com\/index.php\/wp-json\/wp\/v2\/users\/2"}],"replies":[{"embeddable":true,"href":"https:\/\/www.urfabugun.com\/index.php\/wp-json\/wp\/v2\/comments?post=8984"}],"version-history":[{"count":0,"href":"https:\/\/www.urfabugun.com\/index.php\/wp-json\/wp\/v2\/posts\/8984\/revisions"}],"wp:featuredmedia":[{"embeddable":true,"href":"https:\/\/www.urfabugun.com\/index.php\/wp-json\/wp\/v2\/media\/8986"}],"wp:attachment":[{"href":"https:\/\/www.urfabugun.com\/index.php\/wp-json\/wp\/v2\/media?parent=8984"}],"wp:term":[{"taxonomy":"category","embeddable":true,"href":"https:\/\/www.urfabugun.com\/index.php\/wp-json\/wp\/v2\/categories?post=8984"},{"taxonomy":"post_tag","embeddable":true,"href":"https:\/\/www.urfabugun.com\/index.php\/wp-json\/wp\/v2\/tags?post=8984"},{"taxonomy":"manset","embeddable":true,"href":"https:\/\/www.urfabugun.com\/index.php\/wp-json\/wp\/v2\/manset?post=8984"}],"curies":[{"name":"wp","href":"https:\/\/api.w.org\/{rel}","templated":true}]}}