{"id":8988,"date":"2023-08-29T19:43:52","date_gmt":"2023-08-29T16:43:52","guid":{"rendered":"https:\/\/www.urfabugun.com\/?p=8988"},"modified":"2023-08-29T19:45:27","modified_gmt":"2023-08-29T16:45:27","slug":"karakoprude-supheli-olum-evinde-basindan-vurulmus-sekilde-bulundu","status":"publish","type":"post","link":"https:\/\/www.urfabugun.com\/index.php\/2023\/08\/29\/karakoprude-supheli-olum-evinde-basindan-vurulmus-sekilde-bulundu\/","title":{"rendered":"Karak\u00f6pr\u00fc\u2019de \u015e\u00fcpheli \u00d6l\u00fcm: Evinde Ba\u015f\u0131ndan Vurulmu\u015f \u015eekilde Bulundu!"},"content":{"rendered":"\n<p><\/p>\n\n\n\n<p><strong>\u015eanl\u0131urfa\u2019n\u0131n Karak\u00f6pr\u00fc il\u00e7esinde 34 ya\u015f\u0131ndaki gen\u00e7 kad\u0131n evinde silahla vurulmu\u015f halde bulundu.<\/strong><\/p>\n\n\n\n<p>\u015e\u00fcpheli \u00f6l\u00fcm \u015eanl\u0131urfa\u2019n\u0131n Karak\u00f6pr\u00fc il\u00e7esine ba\u011fl\u0131 Narl\u0131kuyu mahallesinde meydana geldi.<\/p>\n\n\n\n<p>\u00c7evrede silah sesini duyan vatanda\u015flar, olay\u0131n ya\u015fand\u0131\u011f\u0131 eve gitti 34 ya\u015f\u0131ndakinin F.T\u2019yi ba\u015f\u0131ndan vurulmu\u015f \u015fekilde kanlar i\u00e7erisinde g\u00f6ren vatanda\u015flar durumu hemen sa\u011fl\u0131k ve polis ekiplerine bildirdi.<\/p>\n\n\n\n<p>\u0130hbar \u00fczerine olay yerine sevk edilen sa\u011fl\u0131k ekipleri yapt\u0131klar\u0131 incelemede kad\u0131n\u0131n ya\u015fam\u0131n\u0131 yitirdi\u011fini belirledi. 34 ya\u015f\u0131ndaki gen\u00e7 kad\u0131n\u0131n intihar m\u0131 yoksa cinayete mi kurban gitti\u011fi kafalarda soru i\u015fareti b\u0131rakt\u0131.<\/p>\n\n\n\n<p>Olay yeri ekiplerinin incelemesinin ard\u0131ndan cenaze, \u015eanl\u0131urfa Adli T\u0131p Morguna kald\u0131r\u0131l\u0131rken F.T\u2019nin kesin \u00f6l\u00fcm sebebi yap\u0131lacak olan otopsinin ard\u0131ndan netlik kazanacak.<\/p>\n","protected":false},"excerpt":{"rendered":"<p>\u015eanl\u0131urfa\u2019n\u0131n Karak\u00f6pr\u00fc il\u00e7esinde 34 ya\u015f\u0131ndaki gen\u00e7 kad\u0131n evinde silahla vurulmu\u015f halde bulundu. \u015e\u00fcpheli \u00f6l\u00fcm \u015eanl\u0131urfa\u2019n\u0131n Karak\u00f6pr\u00fc&#46;&#46;&#46;<\/p>\n","protected":false},"author":2,"featured_media":8990,"comment_status":"open","ping_status":"open","sticky":false,"template":"","format":"standard","meta":{"inline_featured_image":false,"footnotes":""},"categories":[75],"tags":[184,131,107,608],"manset":[],"class_list":["post-8988","post","type-post","status-publish","format-standard","has-post-thumbnail","hentry","category-asayis-haberleri","tag-asayis","tag-son-dakika","tag-ub","tag-urfa-bugun"],"_links":{"self":[{"href":"https:\/\/www.urfabugun.com\/index.php\/wp-json\/wp\/v2\/posts\/8988","targetHints":{"allow":["GET"]}}],"collection":[{"href":"https:\/\/www.urfabugun.com\/index.php\/wp-json\/wp\/v2\/posts"}],"about":[{"href":"https:\/\/www.urfabugun.com\/index.php\/wp-json\/wp\/v2\/types\/post"}],"author":[{"embeddable":true,"href":"https:\/\/www.urfabugun.com\/index.php\/wp-json\/wp\/v2\/users\/2"}],"replies":[{"embeddable":true,"href":"https:\/\/www.urfabugun.com\/index.php\/wp-json\/wp\/v2\/comments?post=8988"}],"version-history":[{"count":0,"href":"https:\/\/www.urfabugun.com\/index.php\/wp-json\/wp\/v2\/posts\/8988\/revisions"}],"wp:featuredmedia":[{"embeddable":true,"href":"https:\/\/www.urfabugun.com\/index.php\/wp-json\/wp\/v2\/media\/8990"}],"wp:attachment":[{"href":"https:\/\/www.urfabugun.com\/index.php\/wp-json\/wp\/v2\/media?parent=8988"}],"wp:term":[{"taxonomy":"category","embeddable":true,"href":"https:\/\/www.urfabugun.com\/index.php\/wp-json\/wp\/v2\/categories?post=8988"},{"taxonomy":"post_tag","embeddable":true,"href":"https:\/\/www.urfabugun.com\/index.php\/wp-json\/wp\/v2\/tags?post=8988"},{"taxonomy":"manset","embeddable":true,"href":"https:\/\/www.urfabugun.com\/index.php\/wp-json\/wp\/v2\/manset?post=8988"}],"curies":[{"name":"wp","href":"https:\/\/api.w.org\/{rel}","templated":true}]}}