{"id":9017,"date":"2023-08-30T10:39:32","date_gmt":"2023-08-30T07:39:32","guid":{"rendered":"https:\/\/www.urfabugun.com\/?p=9017"},"modified":"2023-08-30T10:39:38","modified_gmt":"2023-08-30T07:39:38","slug":"memur-zammi-icin-son-toplanti-yarin","status":"publish","type":"post","link":"https:\/\/www.urfabugun.com\/index.php\/2023\/08\/30\/memur-zammi-icin-son-toplanti-yarin\/","title":{"rendered":"Memur Zamm\u0131 \u0130\u00e7in Son Toplant\u0131 Yar\u0131n!"},"content":{"rendered":"\n<p><\/p>\n\n\n\n<p><strong>Kamu G\u00f6revlileri Hakem Kurulu&#8217;nun 4. toplant\u0131s\u0131ndan sonu\u00e7 \u00e7\u0131kmad\u0131. Kurul, yar\u0131n son toplant\u0131s\u0131n\u0131 yapacak.<\/strong><\/p>\n\n\n\n<p>7. D\u00f6nem Kamu Toplu S\u00f6zle\u015fmesi g\u00f6r\u00fc\u015fmelerinde Kamu \u0130\u015fveren Heyeti ile zam konusunda anla\u015fma sa\u011flanamamas\u0131 \u00fczerine, yetkili konfederasyon Memur-Sen&#8217;in ba\u015fvurusuyla 26 A\u011fustos&#8217;ta \u00e7al\u0131\u015fmalar\u0131na ba\u015flayan kurul d\u00fcn 4&#8217;\u00fcnc\u00fc kez bir araya geldi.<\/p>\n\n\n\n<p>Say\u0131\u015ftay Ba\u015fkan\u0131 Metin Yener ba\u015fkanl\u0131\u011f\u0131nda ba\u015flayan toplant\u0131, yakla\u015f\u0131k 8 saat s\u00fcrd\u00fc.<\/p>\n\n\n\n<p>Mali haklar\u0131 g\u00f6r\u00fc\u015fmek \u00fczere yar\u0131n son kez toplanacak kurul, bu toplant\u0131da, memur maa\u015flar\u0131 ile memur emeklisi ayl\u0131klar\u0131na 2024 ve 2025&#8217;te yap\u0131lacak zam oran\u0131n\u0131 kararla\u015ft\u0131racak.<\/p>\n\n\n\n<p>Kurulun verdi\u011fi karar kesin olacak ve itiraz edilemeyecek.<\/p>\n\n\n\n<p><strong>KAMU \u0130\u015eVEREN HEYET\u0130&#8217;N\u0130N TEKL\u0130F\u0130<\/strong><\/p>\n\n\n\n<p>Kamu \u0130\u015fveren Heyeti, 14 A\u011fustos&#8217;taki ilk teklifinde 2024&#8217;\u00fcn ilk alt\u0131 ay\u0131nda y\u00fczde 14, ikinci alt\u0131 ay\u0131nda y\u00fczde 9, 2025&#8217;in ilk alt\u0131 ay\u0131nda y\u00fczde 6 ve ikinci alt\u0131 ay\u0131nda y\u00fczde 5 zam teklif etmi\u015f, 17 A\u011fustos&#8217;ta ise teklifini 2024&#8217;\u00fcn ilk alt\u0131 ay\u0131nda y\u00fczde 15, ikinci alt\u0131 ay\u0131nda y\u00fczde 10, 2025&#8217;in ilk alt\u0131 ay\u0131nda y\u00fczde 6 ve ikinci alt\u0131 ay\u0131nda y\u00fczde 5 \u015feklinde revize etmi\u015fti.<\/p>\n","protected":false},"excerpt":{"rendered":"<p>Kamu G\u00f6revlileri Hakem Kurulu&#8217;nun 4. toplant\u0131s\u0131ndan sonu\u00e7 \u00e7\u0131kmad\u0131. Kurul, yar\u0131n son toplant\u0131s\u0131n\u0131 yapacak. 7. D\u00f6nem Kamu&#46;&#46;&#46;<\/p>\n","protected":false},"author":2,"featured_media":9019,"comment_status":"open","ping_status":"open","sticky":false,"template":"","format":"standard","meta":{"inline_featured_image":false,"footnotes":""},"categories":[80],"tags":[138,2697,2698,118,131,107,608],"manset":[],"class_list":["post-9017","post","type-post","status-publish","format-standard","has-post-thumbnail","hentry","category-ekonomi-haberleri","tag-ekonomi","tag-memur-zammi","tag-memur-zammi-icin-son-toplanti-yarin","tag-sanliurfa","tag-son-dakika","tag-ub","tag-urfa-bugun"],"_links":{"self":[{"href":"https:\/\/www.urfabugun.com\/index.php\/wp-json\/wp\/v2\/posts\/9017","targetHints":{"allow":["GET"]}}],"collection":[{"href":"https:\/\/www.urfabugun.com\/index.php\/wp-json\/wp\/v2\/posts"}],"about":[{"href":"https:\/\/www.urfabugun.com\/index.php\/wp-json\/wp\/v2\/types\/post"}],"author":[{"embeddable":true,"href":"https:\/\/www.urfabugun.com\/index.php\/wp-json\/wp\/v2\/users\/2"}],"replies":[{"embeddable":true,"href":"https:\/\/www.urfabugun.com\/index.php\/wp-json\/wp\/v2\/comments?post=9017"}],"version-history":[{"count":0,"href":"https:\/\/www.urfabugun.com\/index.php\/wp-json\/wp\/v2\/posts\/9017\/revisions"}],"wp:featuredmedia":[{"embeddable":true,"href":"https:\/\/www.urfabugun.com\/index.php\/wp-json\/wp\/v2\/media\/9019"}],"wp:attachment":[{"href":"https:\/\/www.urfabugun.com\/index.php\/wp-json\/wp\/v2\/media?parent=9017"}],"wp:term":[{"taxonomy":"category","embeddable":true,"href":"https:\/\/www.urfabugun.com\/index.php\/wp-json\/wp\/v2\/categories?post=9017"},{"taxonomy":"post_tag","embeddable":true,"href":"https:\/\/www.urfabugun.com\/index.php\/wp-json\/wp\/v2\/tags?post=9017"},{"taxonomy":"manset","embeddable":true,"href":"https:\/\/www.urfabugun.com\/index.php\/wp-json\/wp\/v2\/manset?post=9017"}],"curies":[{"name":"wp","href":"https:\/\/api.w.org\/{rel}","templated":true}]}}