{"id":9027,"date":"2023-08-31T19:03:45","date_gmt":"2023-08-31T16:03:45","guid":{"rendered":"https:\/\/www.urfabugun.com\/?p=9027"},"modified":"2023-08-31T19:03:53","modified_gmt":"2023-08-31T16:03:53","slug":"sanliurfada-suluma-kanalina-dusen-genc-boguldu","status":"publish","type":"post","link":"https:\/\/www.urfabugun.com\/index.php\/2023\/08\/31\/sanliurfada-suluma-kanalina-dusen-genc-boguldu\/","title":{"rendered":"\u015eanl\u0131urfa&#8217;da Suluma Kanal\u0131na D\u00fc\u015fen Gen\u00e7 Bo\u011fuldu!"},"content":{"rendered":"\n<p><\/p>\n\n\n\n<p><strong>\u015eanl\u0131urfa&#8217;n\u0131n Eyy\u00fcbiye il\u00e7esinde sulama kanal\u0131na d\u00fc\u015fen gen\u00e7, hayat\u0131n\u0131 kaybetti.<\/strong><\/p>\n\n\n\n<p>A\u00e7mal\u0131 Mahallesinde sulama kanal\u0131nda elini y\u0131kamaya \u00e7al\u0131\u015fan Suriye uyruklu Kamil Muhammed Hamidi (20), dengesini kaybederek suya d\u00fc\u015ft\u00fc.<\/p>\n\n\n\n<p>Gencin suda kayboldu\u011funu fark eden vatanda\u015flar\u0131n ihbar\u0131 \u00fczerine b\u00f6lgeye AFAD, jandarma ve 112 Acil Servis ve polis dalg\u0131\u00e7 ekipleri y\u00f6nlendirildi.<\/p>\n\n\n\n<p>Kanalda arama \u00e7al\u0131\u015fmas\u0131 yapan ekipler, olay yerinin 15 kilometre uzakl\u0131\u011f\u0131nda Hamidi&#8217;nin cesedine ula\u015ft\u0131.<\/p>\n\n\n\n<p>Sudan \u00e7\u0131kar\u0131lan ceset, yap\u0131lan incelemenin ard\u0131ndan \u015eanl\u0131urfa Adli T\u0131p Kurumu&#8217;na kald\u0131r\u0131ld\u0131.<\/p>\n","protected":false},"excerpt":{"rendered":"<p>\u015eanl\u0131urfa&#8217;n\u0131n Eyy\u00fcbiye il\u00e7esinde sulama kanal\u0131na d\u00fc\u015fen gen\u00e7, hayat\u0131n\u0131 kaybetti. A\u00e7mal\u0131 Mahallesinde sulama kanal\u0131nda elini y\u0131kamaya \u00e7al\u0131\u015fan&#46;&#46;&#46;<\/p>\n","protected":false},"author":2,"featured_media":9029,"comment_status":"open","ping_status":"open","sticky":false,"template":"","format":"standard","meta":{"inline_featured_image":false,"footnotes":""},"categories":[75],"tags":[1719,2701,118,2700,131,107],"manset":[],"class_list":["post-9027","post","type-post","status-publish","format-standard","has-post-thumbnail","hentry","category-asayis-haberleri","tag-bogulma","tag-kamil-muhammed-hamidi","tag-sanliurfa","tag-sanliurfada-suluma-kanalina-dusen-genc-boguldu","tag-son-dakika","tag-ub"],"_links":{"self":[{"href":"https:\/\/www.urfabugun.com\/index.php\/wp-json\/wp\/v2\/posts\/9027","targetHints":{"allow":["GET"]}}],"collection":[{"href":"https:\/\/www.urfabugun.com\/index.php\/wp-json\/wp\/v2\/posts"}],"about":[{"href":"https:\/\/www.urfabugun.com\/index.php\/wp-json\/wp\/v2\/types\/post"}],"author":[{"embeddable":true,"href":"https:\/\/www.urfabugun.com\/index.php\/wp-json\/wp\/v2\/users\/2"}],"replies":[{"embeddable":true,"href":"https:\/\/www.urfabugun.com\/index.php\/wp-json\/wp\/v2\/comments?post=9027"}],"version-history":[{"count":0,"href":"https:\/\/www.urfabugun.com\/index.php\/wp-json\/wp\/v2\/posts\/9027\/revisions"}],"wp:featuredmedia":[{"embeddable":true,"href":"https:\/\/www.urfabugun.com\/index.php\/wp-json\/wp\/v2\/media\/9029"}],"wp:attachment":[{"href":"https:\/\/www.urfabugun.com\/index.php\/wp-json\/wp\/v2\/media?parent=9027"}],"wp:term":[{"taxonomy":"category","embeddable":true,"href":"https:\/\/www.urfabugun.com\/index.php\/wp-json\/wp\/v2\/categories?post=9027"},{"taxonomy":"post_tag","embeddable":true,"href":"https:\/\/www.urfabugun.com\/index.php\/wp-json\/wp\/v2\/tags?post=9027"},{"taxonomy":"manset","embeddable":true,"href":"https:\/\/www.urfabugun.com\/index.php\/wp-json\/wp\/v2\/manset?post=9027"}],"curies":[{"name":"wp","href":"https:\/\/api.w.org\/{rel}","templated":true}]}}