{"id":9031,"date":"2023-08-31T19:12:05","date_gmt":"2023-08-31T16:12:05","guid":{"rendered":"https:\/\/www.urfabugun.com\/?p=9031"},"modified":"2023-08-31T19:12:11","modified_gmt":"2023-08-31T16:12:11","slug":"memur-zammi-belli-oldu","status":"publish","type":"post","link":"https:\/\/www.urfabugun.com\/index.php\/2023\/08\/31\/memur-zammi-belli-oldu\/","title":{"rendered":"Memur Zamm\u0131 Belli Oldu!"},"content":{"rendered":"\n<p><\/p>\n\n\n\n<p><strong>Kamu G\u00f6revlileri Hakem Kurulu\u2019nun toplant\u0131s\u0131 sona erdi. 2024\u2019\u00fcn ilk alt\u0131 ay\u0131nda y\u00fczde 15, ikinci alt\u0131 ay\u0131nda y\u00fczde 10, 2025\u2019in ilk alt\u0131 ay\u0131nda y\u00fczde 6 ve ikinci alt\u0131 ay\u0131nda y\u00fczde 5 zam yap\u0131lacak.<\/strong><\/p>\n\n\n\n<p>Toplu S\u00f6zle\u015fme s\u00fcrecinde imzalar at\u0131ld\u0131. Kamu \u00e7al\u0131\u015fanlar\u0131n\u0131n geneline y\u00f6nelik baz\u0131 maddelerde uzla\u015f\u0131 \u00e7\u0131kmad\u0131. Son s\u00f6z i\u00e7in s\u00fcre\u00e7 Kamu G\u00f6revlileri Hakem Kuruluna intikal etti.<\/p>\n\n\n\n<p>11 \u00fcyeden olu\u015fan Kamu G\u00f6revlileri Hakem Kurulu Say\u0131\u015ftay Ba\u015fkan\u0131 Metin Yener ba\u015fkanl\u0131\u011f\u0131nda topland\u0131.<\/p>\n\n\n\n<p>Hakem Kurulu\u2019nda yap\u0131lan oylamada, zam teklifi 5\u2019e kar\u015f\u0131 6 kabul oyuyla ge\u00e7ti.<\/p>\n\n\n\n<p>Buna g\u00f6re, 2024\u2019\u00fcn ilk alt\u0131 ay\u0131nda y\u00fczde 15, ikinci alt\u0131 ay\u0131nda y\u00fczde 10, 2025\u2019in ilk alt\u0131 ay\u0131nda y\u00fczde 6 ve ikinci alt\u0131 ay\u0131nda y\u00fczde 5 zam yap\u0131lacak.<\/p>\n","protected":false},"excerpt":{"rendered":"<p>Kamu G\u00f6revlileri Hakem Kurulu\u2019nun toplant\u0131s\u0131 sona erdi. 2024\u2019\u00fcn ilk alt\u0131 ay\u0131nda y\u00fczde 15, ikinci alt\u0131 ay\u0131nda&#46;&#46;&#46;<\/p>\n","protected":false},"author":2,"featured_media":9033,"comment_status":"open","ping_status":"open","sticky":false,"template":"","format":"standard","meta":{"inline_featured_image":false,"footnotes":""},"categories":[82],"tags":[1674,2702,131,107],"manset":[],"class_list":["post-9031","post","type-post","status-publish","format-standard","has-post-thumbnail","hentry","category-gundem-haberleri","tag-memur","tag-memur-zammi-belli-oldu","tag-son-dakika","tag-ub"],"_links":{"self":[{"href":"https:\/\/www.urfabugun.com\/index.php\/wp-json\/wp\/v2\/posts\/9031","targetHints":{"allow":["GET"]}}],"collection":[{"href":"https:\/\/www.urfabugun.com\/index.php\/wp-json\/wp\/v2\/posts"}],"about":[{"href":"https:\/\/www.urfabugun.com\/index.php\/wp-json\/wp\/v2\/types\/post"}],"author":[{"embeddable":true,"href":"https:\/\/www.urfabugun.com\/index.php\/wp-json\/wp\/v2\/users\/2"}],"replies":[{"embeddable":true,"href":"https:\/\/www.urfabugun.com\/index.php\/wp-json\/wp\/v2\/comments?post=9031"}],"version-history":[{"count":0,"href":"https:\/\/www.urfabugun.com\/index.php\/wp-json\/wp\/v2\/posts\/9031\/revisions"}],"wp:featuredmedia":[{"embeddable":true,"href":"https:\/\/www.urfabugun.com\/index.php\/wp-json\/wp\/v2\/media\/9033"}],"wp:attachment":[{"href":"https:\/\/www.urfabugun.com\/index.php\/wp-json\/wp\/v2\/media?parent=9031"}],"wp:term":[{"taxonomy":"category","embeddable":true,"href":"https:\/\/www.urfabugun.com\/index.php\/wp-json\/wp\/v2\/categories?post=9031"},{"taxonomy":"post_tag","embeddable":true,"href":"https:\/\/www.urfabugun.com\/index.php\/wp-json\/wp\/v2\/tags?post=9031"},{"taxonomy":"manset","embeddable":true,"href":"https:\/\/www.urfabugun.com\/index.php\/wp-json\/wp\/v2\/manset?post=9031"}],"curies":[{"name":"wp","href":"https:\/\/api.w.org\/{rel}","templated":true}]}}