{"id":9039,"date":"2023-09-01T09:10:40","date_gmt":"2023-09-01T06:10:40","guid":{"rendered":"https:\/\/www.urfabugun.com\/?p=9039"},"modified":"2023-09-01T09:10:46","modified_gmt":"2023-09-01T06:10:46","slug":"ev-sahibi-ve-kiracilar-dikkat-bugun-resmen-basliyor","status":"publish","type":"post","link":"https:\/\/www.urfabugun.com\/index.php\/2023\/09\/01\/ev-sahibi-ve-kiracilar-dikkat-bugun-resmen-basliyor\/","title":{"rendered":"Ev Sahibi ve Kirac\u0131lar Dikkat: Bug\u00fcn Resmen Ba\u015fl\u0131yor!"},"content":{"rendered":"\n<p><\/p>\n\n\n\n<p><strong>Fahi\u015f kira art\u0131\u015flar\u0131 nedeniyle ortaya \u00e7\u0131kan kirac\u0131-ev sahibi anla\u015fmazl\u0131klar\u0131nda arabulucu d\u00f6nemi ba\u015fl\u0131yor.<\/strong><\/p>\n\n\n\n<p>Kira ve kat m\u00fclkiyeti uyu\u015fmazl\u0131klar\u0131nda bug\u00fcn itibar\u0131yla yeni d\u00f6nem ba\u015fl\u0131yor. Ev sahipleri de kirac\u0131lar da uyu\u015fmazl\u0131klar\u0131na mahkemeden \u00f6nce ara bulucularda \u00e7\u00f6z\u00fcm arayacak.<\/p>\n\n\n\n<p>Adalet Bakan\u0131 Y\u0131lmaz Tun\u00e7, tar\u0131msal \u00fcretim s\u00f6zle\u015fmesinden do\u011fan hukuk uyu\u015fmazl\u0131klar\u0131nda zorunlu arabuluculuk uygulamas\u0131n\u0131n bug\u00fcn itibar\u0131yla ba\u015flad\u0131\u011f\u0131n\u0131 bildirdi. Bakan Tun\u00e7, sosyal medya hesab\u0131ndan yapt\u0131\u011f\u0131 a\u00e7\u0131klamada, tar\u0131msal \u00fcretim s\u00f6zle\u015fmesinden do\u011fan hukuk uyu\u015fmazl\u0131klar\u0131nda zorunlu arabuluculu\u011fun bug\u00fcn itibar\u0131yla ba\u015flad\u0131\u011f\u0131n\u0131 belirtti.<\/p>\n\n\n\n<p><strong>&#8220;\u0130K\u0130 HAFTA \u0130\u00c7ER\u0130S\u0130NDE SONU\u00c7LANDIRILACAK&#8221;<\/strong><\/p>\n\n\n\n<p>Tar\u0131msal \u00fcretim s\u00f6zle\u015fmesinden do\u011fan uyu\u015fmazl\u0131klar hakk\u0131nda a\u00e7\u0131lacak davalarda, dava a\u00e7madan \u00f6nce arabulucuya ba\u015fvurulmas\u0131n\u0131 dava \u015fart\u0131 olarak d\u00fczenleyen kanun h\u00fckm\u00fcn\u00fcn usul ve esaslar\u0131n\u0131 i\u00e7eren y\u00f6netmeli\u011fin Resmi Gazete&#8217;de yay\u0131mland\u0131\u011f\u0131 bilgisini veren Tun\u00e7, a\u00e7\u0131klamas\u0131nda \u015funlar\u0131 kaydetti:&#8221;Bu uyu\u015fmazl\u0131klarda s\u00f6zle\u015fmeli \u00fcretim konusunda uzmanl\u0131k e\u011fitimi alm\u0131\u015f olan arabulucular, bu e\u011fitimi alanlar\u0131n bulunmamas\u0131 durumunda di\u011fer arabulucular g\u00f6revlendirilecek.<\/p>\n\n\n\n<p>&nbsp;Arabulucu, yap\u0131lan ba\u015fvuruyu g\u00f6revlendirildi\u011fi tarihten itibaren iki hafta i\u00e7inde sonu\u00e7land\u0131racak.<\/p>\n\n\n\n<p>Bu s\u00fcre, zorunlu hallerde arabulucu taraf\u0131ndan en fazla bir hafta uzat\u0131labilecek. Tar\u0131msal \u00fcretim s\u00f6zle\u015fmesinden do\u011fan davalarda basit yarg\u0131lama usul\u00fc uygulanacak ve bu davalar ivedi olarak g\u00f6r\u00fclecek.&#8221;<\/p>\n","protected":false},"excerpt":{"rendered":"<p>Fahi\u015f kira art\u0131\u015flar\u0131 nedeniyle ortaya \u00e7\u0131kan kirac\u0131-ev sahibi anla\u015fmazl\u0131klar\u0131nda arabulucu d\u00f6nemi ba\u015fl\u0131yor. Kira ve kat m\u00fclkiyeti&#46;&#46;&#46;<\/p>\n","protected":false},"author":2,"featured_media":9041,"comment_status":"open","ping_status":"open","sticky":false,"template":"","format":"standard","meta":{"inline_featured_image":false,"footnotes":""},"categories":[82],"tags":[2706,1407,2707,131,107],"manset":[],"class_list":["post-9039","post","type-post","status-publish","format-standard","has-post-thumbnail","hentry","category-gundem-haberleri","tag-arabulucu","tag-ev-sahibi","tag-kiraci","tag-son-dakika","tag-ub"],"_links":{"self":[{"href":"https:\/\/www.urfabugun.com\/index.php\/wp-json\/wp\/v2\/posts\/9039","targetHints":{"allow":["GET"]}}],"collection":[{"href":"https:\/\/www.urfabugun.com\/index.php\/wp-json\/wp\/v2\/posts"}],"about":[{"href":"https:\/\/www.urfabugun.com\/index.php\/wp-json\/wp\/v2\/types\/post"}],"author":[{"embeddable":true,"href":"https:\/\/www.urfabugun.com\/index.php\/wp-json\/wp\/v2\/users\/2"}],"replies":[{"embeddable":true,"href":"https:\/\/www.urfabugun.com\/index.php\/wp-json\/wp\/v2\/comments?post=9039"}],"version-history":[{"count":0,"href":"https:\/\/www.urfabugun.com\/index.php\/wp-json\/wp\/v2\/posts\/9039\/revisions"}],"wp:featuredmedia":[{"embeddable":true,"href":"https:\/\/www.urfabugun.com\/index.php\/wp-json\/wp\/v2\/media\/9041"}],"wp:attachment":[{"href":"https:\/\/www.urfabugun.com\/index.php\/wp-json\/wp\/v2\/media?parent=9039"}],"wp:term":[{"taxonomy":"category","embeddable":true,"href":"https:\/\/www.urfabugun.com\/index.php\/wp-json\/wp\/v2\/categories?post=9039"},{"taxonomy":"post_tag","embeddable":true,"href":"https:\/\/www.urfabugun.com\/index.php\/wp-json\/wp\/v2\/tags?post=9039"},{"taxonomy":"manset","embeddable":true,"href":"https:\/\/www.urfabugun.com\/index.php\/wp-json\/wp\/v2\/manset?post=9039"}],"curies":[{"name":"wp","href":"https:\/\/api.w.org\/{rel}","templated":true}]}}