{"id":9047,"date":"2023-09-01T10:17:25","date_gmt":"2023-09-01T07:17:25","guid":{"rendered":"https:\/\/www.urfabugun.com\/?p=9047"},"modified":"2023-09-01T10:17:32","modified_gmt":"2023-09-01T07:17:32","slug":"meb-duyurdu-okul-uyum-programi-4-eylulde-basliyor","status":"publish","type":"post","link":"https:\/\/www.urfabugun.com\/index.php\/2023\/09\/01\/meb-duyurdu-okul-uyum-programi-4-eylulde-basliyor\/","title":{"rendered":"MEB Duyurdu: Okul Uyum Program\u0131 4 Eyl\u00fcl&#8217;de Ba\u015fl\u0131yor!"},"content":{"rendered":"\n<p><\/p>\n\n\n\n<p><strong>Milli E\u011fitim Bakanl\u0131\u011f\u0131 (MEB) okul \u00f6ncesi, ilkokul 1&#8217;inci ve lise 9&#8217;uncu s\u0131n\u0131f \u00f6\u011frencilerinin 4 Eyl\u00fcl&#8217;de uyum program\u0131na ba\u015flayaca\u011f\u0131n\u0131 bildirdi.<\/strong><\/p>\n\n\n\n<p>MEB taraf\u0131ndan, t\u00fcm s\u0131n\u0131f ve kademelerde 11 Eyl\u00fcl&#8217;de ba\u015flayacak 2023-2024 e\u011fitim \u00f6\u011fretim y\u0131l\u0131 \u00f6ncesinde okul \u00f6ncesi, ilkokul, ortaokul ve liseye ba\u015flayacak \u00f6\u011frenciler i\u00e7in okula uyum program\u0131 ve rehberlik uygulamalar\u0131 haz\u0131rland\u0131.<\/p>\n\n\n\n<p>Uyum program\u0131 kapsam\u0131nda okul \u00f6ncesi, ilkokul 1 ve lise 9&#8217;uncu s\u0131n\u0131f \u00f6\u011frencileri 4-8 Eyl\u00fcl&#8217;de okullar\u0131, \u00f6\u011fretmenleri ve arkada\u015flar\u0131yla bulu\u015facak.<\/p>\n\n\n\n<p>Okul \u00f6ncesinde, aile ve \u00e7ocuklarla ger\u00e7ekle\u015ftirilecek uyum s\u00fcrecine destek olmak amac\u0131yla haz\u0131rlanan okula uyum rehberinde, uyum haftas\u0131na y\u00f6nelik uygulama \u00e7izelgesi ile 12 etkinlik \u00f6rne\u011fine yer verildi.<\/p>\n\n\n\n<p>\u0130lkokul 1&#8217;inci s\u0131n\u0131flar i\u00e7in haz\u0131rlanan rehberde de uyum haftas\u0131 uygulama \u00e7izelgesi ile 9 etkinlik \u00f6rne\u011fine yer verildi.<\/p>\n\n\n\n<p>Ortaokul 5&#8217;inci s\u0131n\u0131fa ba\u015flayacak \u00f6\u011frenciler ve ailelerin kat\u0131laca\u011f\u0131 rehberlik uygulamalar\u0131 11-15 Eyl\u00fcl&#8217;de ger\u00e7ekle\u015ftirilecek.<\/p>\n","protected":false},"excerpt":{"rendered":"<p>Milli E\u011fitim Bakanl\u0131\u011f\u0131 (MEB) okul \u00f6ncesi, ilkokul 1&#8217;inci ve lise 9&#8217;uncu s\u0131n\u0131f \u00f6\u011frencilerinin 4 Eyl\u00fcl&#8217;de uyum&#46;&#46;&#46;<\/p>\n","protected":false},"author":2,"featured_media":9049,"comment_status":"open","ping_status":"open","sticky":false,"template":"","format":"standard","meta":{"inline_featured_image":false,"footnotes":""},"categories":[79],"tags":[1035,2710,131,107],"manset":[],"class_list":["post-9047","post","type-post","status-publish","format-standard","has-post-thumbnail","hentry","category-egitim-haberleri","tag-meb","tag-meb-duyurdu-okul-uyum-programi-4-eylulde-basliyor","tag-son-dakika","tag-ub"],"_links":{"self":[{"href":"https:\/\/www.urfabugun.com\/index.php\/wp-json\/wp\/v2\/posts\/9047","targetHints":{"allow":["GET"]}}],"collection":[{"href":"https:\/\/www.urfabugun.com\/index.php\/wp-json\/wp\/v2\/posts"}],"about":[{"href":"https:\/\/www.urfabugun.com\/index.php\/wp-json\/wp\/v2\/types\/post"}],"author":[{"embeddable":true,"href":"https:\/\/www.urfabugun.com\/index.php\/wp-json\/wp\/v2\/users\/2"}],"replies":[{"embeddable":true,"href":"https:\/\/www.urfabugun.com\/index.php\/wp-json\/wp\/v2\/comments?post=9047"}],"version-history":[{"count":0,"href":"https:\/\/www.urfabugun.com\/index.php\/wp-json\/wp\/v2\/posts\/9047\/revisions"}],"wp:featuredmedia":[{"embeddable":true,"href":"https:\/\/www.urfabugun.com\/index.php\/wp-json\/wp\/v2\/media\/9049"}],"wp:attachment":[{"href":"https:\/\/www.urfabugun.com\/index.php\/wp-json\/wp\/v2\/media?parent=9047"}],"wp:term":[{"taxonomy":"category","embeddable":true,"href":"https:\/\/www.urfabugun.com\/index.php\/wp-json\/wp\/v2\/categories?post=9047"},{"taxonomy":"post_tag","embeddable":true,"href":"https:\/\/www.urfabugun.com\/index.php\/wp-json\/wp\/v2\/tags?post=9047"},{"taxonomy":"manset","embeddable":true,"href":"https:\/\/www.urfabugun.com\/index.php\/wp-json\/wp\/v2\/manset?post=9047"}],"curies":[{"name":"wp","href":"https:\/\/api.w.org\/{rel}","templated":true}]}}