{"id":9074,"date":"2023-09-02T13:25:51","date_gmt":"2023-09-02T10:25:51","guid":{"rendered":"https:\/\/www.urfabugun.com\/?p=9074"},"modified":"2023-09-02T13:25:57","modified_gmt":"2023-09-02T10:25:57","slug":"dunya-saglik-orgutu-koronavirus-vakalari-artiyor","status":"publish","type":"post","link":"https:\/\/www.urfabugun.com\/index.php\/2023\/09\/02\/dunya-saglik-orgutu-koronavirus-vakalari-artiyor\/","title":{"rendered":"D\u00fcnya Sa\u011fl\u0131k \u00d6rg\u00fct\u00fc: Koronavir\u00fcs Vakalar\u0131 Art\u0131yor!"},"content":{"rendered":"\n<p><\/p>\n\n\n\n<p><strong>Epidemiyolojik g\u00fcncelleme raporuna g\u00f6re, vakalar y\u00fczde 38 artt\u0131. \u00d6l\u00fcm oranlar\u0131nda ise yar\u0131 yar\u0131ya azalma oldu\u011fu belirtildi.<\/strong><\/p>\n\n\n\n<p>D\u00fcnya Sa\u011fl\u0131k \u00d6rg\u00fct\u00fc&#8217;ne (DS\u00d6) g\u00f6re koronavir\u00fcs vakalar\u0131 yeniden art\u0131\u015fa ge\u00e7ti. DS\u00d6 raporu, a\u011fustos ay\u0131 ile bir \u00f6nceki ay\u0131 k\u0131yaslayarak \u00e7\u0131kar\u0131mda bulundu.<\/p>\n\n\n\n<p>Epidemiyolojik g\u00fcncelleme raporuna g\u00f6re, 31 Temmuz-27 A\u011fustos&#8217;taki 28 g\u00fcnl\u00fck d\u00f6nemde 1,4 milyonun \u00fczerinde yeni koronavir\u00fcs vakas\u0131 ortaya \u00e7\u0131kt\u0131.<\/p>\n\n\n\n<p><strong>VAKALAR Y\u00dcZDE 38 ARTTI<\/strong><\/p>\n\n\n\n<p>Ayn\u0131 raporda, 1800&#8217;\u00fcn \u00fczerinde koronavir\u00fcs kaynakl\u0131 \u00f6l\u00fcm\u00fcn kay\u0131tlara ge\u00e7ti\u011fi belirtildi. Bir \u00f6nceki 28 g\u00fcnl\u00fck periyoda g\u00f6re vakalarda y\u00fczde 38 art\u0131\u015f, \u00f6l\u00fcm oran\u0131nda ise y\u00fczde 50 d\u00fc\u015f\u00fc\u015f ya\u015fand\u0131.<\/p>\n\n\n\n<p><strong>TESTLERDEK\u0130 AZALMA VAKALARI DO\u011eRU YANSITMIYOR<\/strong><\/p>\n\n\n\n<p>Rapor edilen vakalar\u0131n, k\u00fcresel olarak test ve raporlamadaki azalma nedeniyle enfeksiyon oranlar\u0131n\u0131 do\u011fru yans\u0131tmad\u0131\u011f\u0131 belirtiliyor.<\/p>\n\n\n\n<p>DS\u00d6 verilerine g\u00f6re, d\u00fcnya genelinde 770 milyondan fazla koronavir\u00fcs vakas\u0131, salg\u0131n kaynakl\u0131 6 milyon 956 bin \u00f6l\u00fcm rapor edildi.<\/p>\n","protected":false},"excerpt":{"rendered":"<p>Epidemiyolojik g\u00fcncelleme raporuna g\u00f6re, vakalar y\u00fczde 38 artt\u0131. \u00d6l\u00fcm oranlar\u0131nda ise yar\u0131 yar\u0131ya azalma oldu\u011fu belirtildi.&#46;&#46;&#46;<\/p>\n","protected":false},"author":2,"featured_media":9076,"comment_status":"open","ping_status":"open","sticky":false,"template":"","format":"standard","meta":{"inline_featured_image":false,"footnotes":""},"categories":[78],"tags":[2328,2718,2719,118,131,107,608,93],"manset":[],"class_list":["post-9074","post","type-post","status-publish","format-standard","has-post-thumbnail","hentry","category-dunya-haberleri","tag-dunya","tag-dunya-saglik-orgutu-koronavirus-vakalari-artiyor","tag-koronavirus","tag-sanliurfa","tag-son-dakika","tag-ub","tag-urfa-bugun","tag-ust"],"_links":{"self":[{"href":"https:\/\/www.urfabugun.com\/index.php\/wp-json\/wp\/v2\/posts\/9074","targetHints":{"allow":["GET"]}}],"collection":[{"href":"https:\/\/www.urfabugun.com\/index.php\/wp-json\/wp\/v2\/posts"}],"about":[{"href":"https:\/\/www.urfabugun.com\/index.php\/wp-json\/wp\/v2\/types\/post"}],"author":[{"embeddable":true,"href":"https:\/\/www.urfabugun.com\/index.php\/wp-json\/wp\/v2\/users\/2"}],"replies":[{"embeddable":true,"href":"https:\/\/www.urfabugun.com\/index.php\/wp-json\/wp\/v2\/comments?post=9074"}],"version-history":[{"count":0,"href":"https:\/\/www.urfabugun.com\/index.php\/wp-json\/wp\/v2\/posts\/9074\/revisions"}],"wp:featuredmedia":[{"embeddable":true,"href":"https:\/\/www.urfabugun.com\/index.php\/wp-json\/wp\/v2\/media\/9076"}],"wp:attachment":[{"href":"https:\/\/www.urfabugun.com\/index.php\/wp-json\/wp\/v2\/media?parent=9074"}],"wp:term":[{"taxonomy":"category","embeddable":true,"href":"https:\/\/www.urfabugun.com\/index.php\/wp-json\/wp\/v2\/categories?post=9074"},{"taxonomy":"post_tag","embeddable":true,"href":"https:\/\/www.urfabugun.com\/index.php\/wp-json\/wp\/v2\/tags?post=9074"},{"taxonomy":"manset","embeddable":true,"href":"https:\/\/www.urfabugun.com\/index.php\/wp-json\/wp\/v2\/manset?post=9074"}],"curies":[{"name":"wp","href":"https:\/\/api.w.org\/{rel}","templated":true}]}}