{"id":9090,"date":"2023-09-03T11:07:30","date_gmt":"2023-09-03T08:07:30","guid":{"rendered":"https:\/\/www.urfabugun.com\/?p=9090"},"modified":"2023-09-03T15:25:13","modified_gmt":"2023-09-03T12:25:13","slug":"agustos-enflasyonu-yarin-aciklanacak","status":"publish","type":"post","link":"https:\/\/www.urfabugun.com\/index.php\/2023\/09\/03\/agustos-enflasyonu-yarin-aciklanacak\/","title":{"rendered":"A\u011fustos Enflasyonu Yar\u0131n A\u00e7\u0131klanacak!"},"content":{"rendered":"\n<p><\/p>\n\n\n\n<p><strong>T\u00fcrkiye \u0130statistik Kurumu, a\u011fustos ay\u0131 enflasyon rakamlar\u0131n\u0131 yar\u0131n a\u00e7\u0131klayacak.<\/strong><\/p>\n\n\n\n<p>T\u00fcketici Fiyat Endeksi temmuzda ayl\u0131k bazda y\u00fczde 9,49 art\u0131\u015f g\u00f6stermi\u015fti. Y\u0131ll\u0131k enflasyon t\u00fcketici fiyatlar\u0131nda y\u00fczde 47,83 olarak kaydedilmi\u015fti.<\/p>\n\n\n\n<p>Yar\u0131n, y\u0131l\u0131n 8. enflasyon verilerini olu\u015fturacak olan a\u011fustos ay\u0131 enflasyon rakamlar\u0131 a\u00e7\u0131klanacak.<\/p>\n\n\n\n<p>T\u00fcketici Fiyat Endeksi, memur ve emekliye y\u0131l\u0131n ilk 6 ay\u0131nda yap\u0131lan zamma y\u00fczde 19,77 oran\u0131nda etkilemi\u015fti.<\/p>\n","protected":false},"excerpt":{"rendered":"<p>T\u00fcrkiye \u0130statistik Kurumu, a\u011fustos ay\u0131 enflasyon rakamlar\u0131n\u0131 yar\u0131n a\u00e7\u0131klayacak. T\u00fcketici Fiyat Endeksi temmuzda ayl\u0131k bazda y\u00fczde&#46;&#46;&#46;<\/p>\n","protected":false},"author":2,"featured_media":9092,"comment_status":"open","ping_status":"open","sticky":false,"template":"","format":"standard","meta":{"inline_featured_image":false,"footnotes":""},"categories":[80],"tags":[2723,162,131,359,107],"manset":[],"class_list":["post-9090","post","type-post","status-publish","format-standard","has-post-thumbnail","hentry","category-ekonomi-haberleri","tag-agustos-enflasyonu-yarin-aciklanacak","tag-enflasyon","tag-son-dakika","tag-tuik","tag-ub"],"_links":{"self":[{"href":"https:\/\/www.urfabugun.com\/index.php\/wp-json\/wp\/v2\/posts\/9090","targetHints":{"allow":["GET"]}}],"collection":[{"href":"https:\/\/www.urfabugun.com\/index.php\/wp-json\/wp\/v2\/posts"}],"about":[{"href":"https:\/\/www.urfabugun.com\/index.php\/wp-json\/wp\/v2\/types\/post"}],"author":[{"embeddable":true,"href":"https:\/\/www.urfabugun.com\/index.php\/wp-json\/wp\/v2\/users\/2"}],"replies":[{"embeddable":true,"href":"https:\/\/www.urfabugun.com\/index.php\/wp-json\/wp\/v2\/comments?post=9090"}],"version-history":[{"count":0,"href":"https:\/\/www.urfabugun.com\/index.php\/wp-json\/wp\/v2\/posts\/9090\/revisions"}],"wp:featuredmedia":[{"embeddable":true,"href":"https:\/\/www.urfabugun.com\/index.php\/wp-json\/wp\/v2\/media\/9092"}],"wp:attachment":[{"href":"https:\/\/www.urfabugun.com\/index.php\/wp-json\/wp\/v2\/media?parent=9090"}],"wp:term":[{"taxonomy":"category","embeddable":true,"href":"https:\/\/www.urfabugun.com\/index.php\/wp-json\/wp\/v2\/categories?post=9090"},{"taxonomy":"post_tag","embeddable":true,"href":"https:\/\/www.urfabugun.com\/index.php\/wp-json\/wp\/v2\/tags?post=9090"},{"taxonomy":"manset","embeddable":true,"href":"https:\/\/www.urfabugun.com\/index.php\/wp-json\/wp\/v2\/manset?post=9090"}],"curies":[{"name":"wp","href":"https:\/\/api.w.org\/{rel}","templated":true}]}}