{"id":9113,"date":"2023-09-04T09:38:24","date_gmt":"2023-09-04T06:38:24","guid":{"rendered":"https:\/\/www.urfabugun.com\/?p=9113"},"modified":"2023-09-04T09:38:31","modified_gmt":"2023-09-04T06:38:31","slug":"altin-fiyatlari-haftaya-nasil-basladi-4","status":"publish","type":"post","link":"https:\/\/www.urfabugun.com\/index.php\/2023\/09\/04\/altin-fiyatlari-haftaya-nasil-basladi-4\/","title":{"rendered":"Alt\u0131n Fiyatlar\u0131 Haftaya Nas\u0131l Ba\u015flad\u0131!"},"content":{"rendered":"\n<p><\/p>\n\n\n\n<p><strong>Alt\u0131nda hareketlilik devam ediyor. Gram alt\u0131n 1671 liradan i\u015flem g\u00f6r\u00fcyor<\/strong><\/p>\n\n\n\n<p>Alt\u0131nda hareketlilik devam ediyor. Alt\u0131nda bu y\u0131lki toplam de\u011fer kazanc\u0131 y\u00fczde 50&#8217;yi buldu. Bir s\u00fcredir varl\u0131k fiyatlar\u0131n\u0131 etkileyen enflasyon endi\u015feleri yava\u015f yava\u015f azal\u0131rken, ABD&#8217;de a\u00e7\u0131klanan tar\u0131m d\u0131\u015f\u0131 istihdam verisi, i\u015f g\u00fcc\u00fc piyasas\u0131ndaki yumu\u015faman\u0131n sinyallerini verdi.<\/p>\n\n\n\n<p>\u0130\u015fte g\u00fcncel alt\u0131n fiyatlar\u0131:<\/p>\n\n\n\n<p>Gram alt\u0131n 1671 lira<\/p>\n\n\n\n<p>\u00c7eyrek alt\u0131n 2750 lira<\/p>\n\n\n\n<p>Yar\u0131m alt\u0131n 5509 lira<\/p>\n\n\n\n<p>Cumhuriyet alt\u0131n\u0131 11237 liradan i\u015flem g\u00f6r\u00fcyor.<\/p>\n","protected":false},"excerpt":{"rendered":"<p>Alt\u0131nda hareketlilik devam ediyor. Gram alt\u0131n 1671 liradan i\u015flem g\u00f6r\u00fcyor Alt\u0131nda hareketlilik devam ediyor. Alt\u0131nda bu&#46;&#46;&#46;<\/p>\n","protected":false},"author":2,"featured_media":9115,"comment_status":"open","ping_status":"open","sticky":false,"template":"","format":"standard","meta":{"inline_featured_image":false,"footnotes":""},"categories":[80],"tags":[140,2728,439,118,131,107],"manset":[],"class_list":["post-9113","post","type-post","status-publish","format-standard","has-post-thumbnail","hentry","category-ekonomi-haberleri","tag-altin","tag-altin-fiyatlari-haftaya-nasil-basladi-2","tag-gram-altin","tag-sanliurfa","tag-son-dakika","tag-ub"],"_links":{"self":[{"href":"https:\/\/www.urfabugun.com\/index.php\/wp-json\/wp\/v2\/posts\/9113","targetHints":{"allow":["GET"]}}],"collection":[{"href":"https:\/\/www.urfabugun.com\/index.php\/wp-json\/wp\/v2\/posts"}],"about":[{"href":"https:\/\/www.urfabugun.com\/index.php\/wp-json\/wp\/v2\/types\/post"}],"author":[{"embeddable":true,"href":"https:\/\/www.urfabugun.com\/index.php\/wp-json\/wp\/v2\/users\/2"}],"replies":[{"embeddable":true,"href":"https:\/\/www.urfabugun.com\/index.php\/wp-json\/wp\/v2\/comments?post=9113"}],"version-history":[{"count":0,"href":"https:\/\/www.urfabugun.com\/index.php\/wp-json\/wp\/v2\/posts\/9113\/revisions"}],"wp:featuredmedia":[{"embeddable":true,"href":"https:\/\/www.urfabugun.com\/index.php\/wp-json\/wp\/v2\/media\/9115"}],"wp:attachment":[{"href":"https:\/\/www.urfabugun.com\/index.php\/wp-json\/wp\/v2\/media?parent=9113"}],"wp:term":[{"taxonomy":"category","embeddable":true,"href":"https:\/\/www.urfabugun.com\/index.php\/wp-json\/wp\/v2\/categories?post=9113"},{"taxonomy":"post_tag","embeddable":true,"href":"https:\/\/www.urfabugun.com\/index.php\/wp-json\/wp\/v2\/tags?post=9113"},{"taxonomy":"manset","embeddable":true,"href":"https:\/\/www.urfabugun.com\/index.php\/wp-json\/wp\/v2\/manset?post=9113"}],"curies":[{"name":"wp","href":"https:\/\/api.w.org\/{rel}","templated":true}]}}