{"id":9117,"date":"2023-09-04T17:25:38","date_gmt":"2023-09-04T14:25:38","guid":{"rendered":"https:\/\/www.urfabugun.com\/?p=9117"},"modified":"2023-09-04T17:25:45","modified_gmt":"2023-09-04T14:25:45","slug":"sanliurfa-buyuksehir-belediyesi-arac-filosunu-tanitti","status":"publish","type":"post","link":"https:\/\/www.urfabugun.com\/index.php\/2023\/09\/04\/sanliurfa-buyuksehir-belediyesi-arac-filosunu-tanitti\/","title":{"rendered":"\u015eanl\u0131urfa B\u00fcy\u00fck\u015fehir Belediyesi Ara\u00e7 Filosunu Tan\u0131tt\u0131!"},"content":{"rendered":"\n<p><\/p>\n\n\n\n<p><strong>\u015eanl\u0131urfa B\u00fcy\u00fck\u015fehir Belediyesi&#8217;nin b\u00fcnyesindeki yeni ve mevcut 750 arac\u0131n tan\u0131t\u0131m\u0131 yap\u0131ld\u0131.<\/strong><\/p>\n\n\n\n<p>Belediyeden yap\u0131lan a\u00e7\u0131klamaya g\u00f6re, Buluntu Hoca Bulvar\u0131nda belediye b\u00fcnyesindeki i\u015f makinalar\u0131, hizmet ara\u00e7lar\u0131 ve otob\u00fcslerin tan\u0131t\u0131m\u0131 i\u00e7in t\u00f6ren d\u00fczenlendi.<\/p>\n\n\n\n<p>Personellerle bir araya gelen Ba\u015fkan Zeynel Abidin Beyazg\u00fcl, yeni ve mevcut hizmet ara\u00e7lar\u0131n\u0131 inceledi.<\/p>\n\n\n\n<p>Beyazg\u00fcl, personellerin \u00f6zverili \u00e7al\u0131\u015fmas\u0131 sonucu \u015fehrin modern bir hale geldi\u011fini ve bu g\u00fczelli\u011fi ileriye ta\u015f\u0131maya \u00e7al\u0131\u015ft\u0131klar\u0131n\u0131 ifade etti.<\/p>\n\n\n\n<p>Her y\u0131l ara\u00e7 filolar\u0131n\u0131 g\u00fc\u00e7lendirdiklerini aktaran Beyazg\u00fcl, &#8220;Personellerimizle bir araya gelerek ara\u00e7lar\u0131m\u0131z\u0131n tan\u0131t\u0131m\u0131n\u0131 yapt\u0131k. Personellerimiz birlik ve beraberlik i\u00e7erisinde \u015eanl\u0131urfa\u2019ya g\u00fczel hizmetler yap\u0131yor. Halk\u0131m\u0131z\u0131n ekibimizi tan\u0131mas\u0131n\u0131 istedik. Halk\u0131m\u0131za ait ara\u00e7lar\u0131m\u0131z\u0131 halk\u0131m\u0131z\u0131n g\u00f6rmesini istedik. Bununla \u015eanl\u0131urfa olarak tabi ki \u00f6v\u00fcn\u00fcyoruz. Binlerce ara\u00e7la vatanda\u015flar\u0131m\u0131za hizmet veriyoruz.&#8221; ifadelerini kulland\u0131.<\/p>\n","protected":false},"excerpt":{"rendered":"<p>\u015eanl\u0131urfa B\u00fcy\u00fck\u015fehir Belediyesi&#8217;nin b\u00fcnyesindeki yeni ve mevcut 750 arac\u0131n tan\u0131t\u0131m\u0131 yap\u0131ld\u0131. Belediyeden yap\u0131lan a\u00e7\u0131klamaya g\u00f6re, Buluntu&#46;&#46;&#46;<\/p>\n","protected":false},"author":2,"featured_media":9119,"comment_status":"open","ping_status":"open","sticky":false,"template":"","format":"standard","meta":{"inline_featured_image":false,"footnotes":""},"categories":[82],"tags":[2729,131,107],"manset":[],"class_list":["post-9117","post","type-post","status-publish","format-standard","has-post-thumbnail","hentry","category-gundem-haberleri","tag-sanliurfa-buyuksehir-belediyesi-arac-filosunu-tanitti","tag-son-dakika","tag-ub"],"_links":{"self":[{"href":"https:\/\/www.urfabugun.com\/index.php\/wp-json\/wp\/v2\/posts\/9117","targetHints":{"allow":["GET"]}}],"collection":[{"href":"https:\/\/www.urfabugun.com\/index.php\/wp-json\/wp\/v2\/posts"}],"about":[{"href":"https:\/\/www.urfabugun.com\/index.php\/wp-json\/wp\/v2\/types\/post"}],"author":[{"embeddable":true,"href":"https:\/\/www.urfabugun.com\/index.php\/wp-json\/wp\/v2\/users\/2"}],"replies":[{"embeddable":true,"href":"https:\/\/www.urfabugun.com\/index.php\/wp-json\/wp\/v2\/comments?post=9117"}],"version-history":[{"count":0,"href":"https:\/\/www.urfabugun.com\/index.php\/wp-json\/wp\/v2\/posts\/9117\/revisions"}],"wp:featuredmedia":[{"embeddable":true,"href":"https:\/\/www.urfabugun.com\/index.php\/wp-json\/wp\/v2\/media\/9119"}],"wp:attachment":[{"href":"https:\/\/www.urfabugun.com\/index.php\/wp-json\/wp\/v2\/media?parent=9117"}],"wp:term":[{"taxonomy":"category","embeddable":true,"href":"https:\/\/www.urfabugun.com\/index.php\/wp-json\/wp\/v2\/categories?post=9117"},{"taxonomy":"post_tag","embeddable":true,"href":"https:\/\/www.urfabugun.com\/index.php\/wp-json\/wp\/v2\/tags?post=9117"},{"taxonomy":"manset","embeddable":true,"href":"https:\/\/www.urfabugun.com\/index.php\/wp-json\/wp\/v2\/manset?post=9117"}],"curies":[{"name":"wp","href":"https:\/\/api.w.org\/{rel}","templated":true}]}}