{"id":9126,"date":"2023-09-04T18:27:45","date_gmt":"2023-09-04T15:27:45","guid":{"rendered":"https:\/\/www.urfabugun.com\/?p=9126"},"modified":"2023-09-04T18:37:35","modified_gmt":"2023-09-04T15:37:35","slug":"kabine-yarin-yogun-gundemle-toplanacak","status":"publish","type":"post","link":"https:\/\/www.urfabugun.com\/index.php\/2023\/09\/04\/kabine-yarin-yogun-gundemle-toplanacak\/","title":{"rendered":"Kabine Yar\u0131n Yo\u011fun G\u00fcndemle Toplanacak!"},"content":{"rendered":"\n<p><\/p>\n\n\n\n<p><strong>Cumhurba\u015fkan\u0131 Recep Tayyip Erdo\u011fan, yar\u0131n Be\u015ftepe&#8217;de yap\u0131lacak Kabine toplant\u0131s\u0131na ba\u015fkanl\u0131k edecek. So\u00e7i&#8217;deki g\u00f6r\u00fc\u015fme t\u00fcm y\u00f6nleriyle de\u011ferlendirilecek. \u0130\u00e7 ve d\u0131\u015f siyasette ya\u015fanan geli\u015fmelerin yan\u0131 s\u0131ra ekonomideki son durum da masada olacak.<\/strong><\/p>\n\n\n\n<p>Rusya- Ukrayna sava\u015f\u0131ndaki son geli\u015fmeler, Tah\u0131l koridoru anla\u015fmas\u0131, Ankara-Moskova ili\u015fkilerine dair al\u0131nan kararlar. Kabine Toplant\u0131s\u0131 Cumhurba\u015fkan\u0131 Recep Tayyip Erdo\u011fan&#8217;\u0131n Rusya ziyaretinin ard\u0131ndan yar\u0131n ger\u00e7ekle\u015fecek.<\/p>\n\n\n\n<p>Toplant\u0131da So\u00e7i ziyaretinde ya\u015fanan geli\u015fmeler t\u00fcm y\u00f6nleriyle de\u011ferlendirilecek. Cumhurba\u015fkan\u0131 Erdo\u011fan&#8217;\u0131n Rusya Devlet Ba\u015fkan\u0131 Putin ile g\u00f6r\u00fc\u015fmesinin yans\u0131malar\u0131 ele al\u0131nacak.<\/p>\n\n\n\n<p><strong>ERDO\u011eAN, D\u00dcNYA L\u0130DERLER\u0130YLE B\u0130R ARAYA GELECEK<\/strong><\/p>\n\n\n\n<p>Cumhurba\u015fkan\u0131 Erdo\u011fan&#8217;\u0131n yo\u011fun diplomasi trafi\u011fi de toplant\u0131n\u0131n g\u00fcndeminde olacak. Erdo\u011fan 9-10 Eyl\u00fcl&#8217;de Hindistan&#8217;daki G20 Liderler zirvesine kat\u0131lacak. Ard\u0131ndan da 17-21 Eyl\u00fcl&#8217;de ger\u00e7ekle\u015ftirilecek olan Birle\u015fmi\u015f Milletler Genel Kurulu i\u00e7in Amerika Birle\u015fik Devletleri&#8217;ne hareket edecek. Erdo\u011fan iki uluslararas\u0131 toplant\u0131da da d\u00fcnya lideriyle bir araya gelecek.<\/p>\n\n\n\n<p><strong>EKONOM\u0130DE G\u00d6ZLER OVP&#8217;YE \u00c7EVR\u0130LD\u0130<\/strong><\/p>\n\n\n\n<p>Ekonomide ise g\u00f6zler Orta Vadeli Programa \u00e7evrildi. Ekonominin 3 y\u0131ll\u0131k yol haritas\u0131n\u0131n belirlenece\u011fi program\u0131n haz\u0131rl\u0131klar\u0131nda sona gelindi. Program ile hem orta vadeli \u00f6ng\u00f6r\u00fcler belirlenecek, hem de yap\u0131sal reform ad\u0131mlar\u0131 a\u00e7\u0131klanacak. Toplant\u0131da programa ili\u015fkin son de\u011ferlendirme yap\u0131lacak.<\/p>\n","protected":false},"excerpt":{"rendered":"<p>Cumhurba\u015fkan\u0131 Recep Tayyip Erdo\u011fan, yar\u0131n Be\u015ftepe&#8217;de yap\u0131lacak Kabine toplant\u0131s\u0131na ba\u015fkanl\u0131k edecek. So\u00e7i&#8217;deki g\u00f6r\u00fc\u015fme t\u00fcm y\u00f6nleriyle de\u011ferlendirilecek.&#46;&#46;&#46;<\/p>\n","protected":false},"author":2,"featured_media":9128,"comment_status":"open","ping_status":"open","sticky":false,"template":"","format":"standard","meta":{"inline_featured_image":false,"footnotes":""},"categories":[82],"tags":[2731,118,131,107,608],"manset":[],"class_list":["post-9126","post","type-post","status-publish","format-standard","has-post-thumbnail","hentry","category-gundem-haberleri","tag-kabine-yarin-yogun-gundemle-toplanacak","tag-sanliurfa","tag-son-dakika","tag-ub","tag-urfa-bugun"],"_links":{"self":[{"href":"https:\/\/www.urfabugun.com\/index.php\/wp-json\/wp\/v2\/posts\/9126","targetHints":{"allow":["GET"]}}],"collection":[{"href":"https:\/\/www.urfabugun.com\/index.php\/wp-json\/wp\/v2\/posts"}],"about":[{"href":"https:\/\/www.urfabugun.com\/index.php\/wp-json\/wp\/v2\/types\/post"}],"author":[{"embeddable":true,"href":"https:\/\/www.urfabugun.com\/index.php\/wp-json\/wp\/v2\/users\/2"}],"replies":[{"embeddable":true,"href":"https:\/\/www.urfabugun.com\/index.php\/wp-json\/wp\/v2\/comments?post=9126"}],"version-history":[{"count":0,"href":"https:\/\/www.urfabugun.com\/index.php\/wp-json\/wp\/v2\/posts\/9126\/revisions"}],"wp:featuredmedia":[{"embeddable":true,"href":"https:\/\/www.urfabugun.com\/index.php\/wp-json\/wp\/v2\/media\/9128"}],"wp:attachment":[{"href":"https:\/\/www.urfabugun.com\/index.php\/wp-json\/wp\/v2\/media?parent=9126"}],"wp:term":[{"taxonomy":"category","embeddable":true,"href":"https:\/\/www.urfabugun.com\/index.php\/wp-json\/wp\/v2\/categories?post=9126"},{"taxonomy":"post_tag","embeddable":true,"href":"https:\/\/www.urfabugun.com\/index.php\/wp-json\/wp\/v2\/tags?post=9126"},{"taxonomy":"manset","embeddable":true,"href":"https:\/\/www.urfabugun.com\/index.php\/wp-json\/wp\/v2\/manset?post=9126"}],"curies":[{"name":"wp","href":"https:\/\/api.w.org\/{rel}","templated":true}]}}