{"id":9148,"date":"2023-09-06T09:47:14","date_gmt":"2023-09-06T06:47:14","guid":{"rendered":"https:\/\/www.urfabugun.com\/?p=9148"},"modified":"2023-09-06T09:47:22","modified_gmt":"2023-09-06T06:47:22","slug":"ceylanpinar-da-firari-hukumlu-yakalandi","status":"publish","type":"post","link":"https:\/\/www.urfabugun.com\/index.php\/2023\/09\/06\/ceylanpinar-da-firari-hukumlu-yakalandi\/","title":{"rendered":"Ceylanp\u0131nar &#8216;da Firari H\u00fck\u00fcml\u00fc Yakaland\u0131!"},"content":{"rendered":"\n<p><\/p>\n\n\n\n<p><strong>\u015eanl\u0131urfa&#8217;n\u0131n Ceylanp\u0131nar il\u00e7esinde kesinle\u015fmi\u015f hapis cezas\u0131 bulunan firari h\u00fck\u00fcml\u00fc yakaland\u0131.<\/strong><\/p>\n\n\n\n<p>\u0130l\u00e7e Emniyet M\u00fcd\u00fcrl\u00fc\u011f\u00fc Asayi\u015f B\u00fcro Amirli\u011fi ekipleri, aranan \u015f\u00fcphelilere y\u00f6nelik operasyon d\u00fczenledi.<\/p>\n\n\n\n<p>Ekipler, kasten yaralama su\u00e7undan hakk\u0131nda 3 y\u0131l 1 ay 15 g\u00fcn kesinle\u015fmi\u015f hapis cezas\u0131 bulunan Y.Y&#8217;yi sakland\u0131\u011f\u0131 adreste yakalad\u0131.<\/p>\n\n\n\n<p>H\u00fck\u00fcml\u00fc i\u015flemlerin ard\u0131ndan cezaevine g\u00f6nderildi.<\/p>\n","protected":false},"excerpt":{"rendered":"<p>\u015eanl\u0131urfa&#8217;n\u0131n Ceylanp\u0131nar il\u00e7esinde kesinle\u015fmi\u015f hapis cezas\u0131 bulunan firari h\u00fck\u00fcml\u00fc yakaland\u0131. \u0130l\u00e7e Emniyet M\u00fcd\u00fcrl\u00fc\u011f\u00fc Asayi\u015f B\u00fcro Amirli\u011fi&#46;&#46;&#46;<\/p>\n","protected":false},"author":2,"featured_media":8445,"comment_status":"open","ping_status":"open","sticky":false,"template":"","format":"standard","meta":{"inline_featured_image":false,"footnotes":""},"categories":[75],"tags":[184,2739,131,107],"manset":[],"class_list":["post-9148","post","type-post","status-publish","format-standard","has-post-thumbnail","hentry","category-asayis-haberleri","tag-asayis","tag-ceylanpinar-da-firari-hukumlu-yakalandi","tag-son-dakika","tag-ub"],"_links":{"self":[{"href":"https:\/\/www.urfabugun.com\/index.php\/wp-json\/wp\/v2\/posts\/9148","targetHints":{"allow":["GET"]}}],"collection":[{"href":"https:\/\/www.urfabugun.com\/index.php\/wp-json\/wp\/v2\/posts"}],"about":[{"href":"https:\/\/www.urfabugun.com\/index.php\/wp-json\/wp\/v2\/types\/post"}],"author":[{"embeddable":true,"href":"https:\/\/www.urfabugun.com\/index.php\/wp-json\/wp\/v2\/users\/2"}],"replies":[{"embeddable":true,"href":"https:\/\/www.urfabugun.com\/index.php\/wp-json\/wp\/v2\/comments?post=9148"}],"version-history":[{"count":0,"href":"https:\/\/www.urfabugun.com\/index.php\/wp-json\/wp\/v2\/posts\/9148\/revisions"}],"wp:featuredmedia":[{"embeddable":true,"href":"https:\/\/www.urfabugun.com\/index.php\/wp-json\/wp\/v2\/media\/8445"}],"wp:attachment":[{"href":"https:\/\/www.urfabugun.com\/index.php\/wp-json\/wp\/v2\/media?parent=9148"}],"wp:term":[{"taxonomy":"category","embeddable":true,"href":"https:\/\/www.urfabugun.com\/index.php\/wp-json\/wp\/v2\/categories?post=9148"},{"taxonomy":"post_tag","embeddable":true,"href":"https:\/\/www.urfabugun.com\/index.php\/wp-json\/wp\/v2\/tags?post=9148"},{"taxonomy":"manset","embeddable":true,"href":"https:\/\/www.urfabugun.com\/index.php\/wp-json\/wp\/v2\/manset?post=9148"}],"curies":[{"name":"wp","href":"https:\/\/api.w.org\/{rel}","templated":true}]}}