{"id":9155,"date":"2023-09-06T11:32:53","date_gmt":"2023-09-06T08:32:53","guid":{"rendered":"https:\/\/www.urfabugun.com\/?p=9155"},"modified":"2023-09-06T11:33:00","modified_gmt":"2023-09-06T08:33:00","slug":"universitelilere-vergisiz-telefon-satisi-basliyor","status":"publish","type":"post","link":"https:\/\/www.urfabugun.com\/index.php\/2023\/09\/06\/universitelilere-vergisiz-telefon-satisi-basliyor\/","title":{"rendered":"\u00dcniversitelilere Vergisiz Telefon Sat\u0131\u015f\u0131 Ba\u015fl\u0131yor!"},"content":{"rendered":"\n<p><\/p>\n\n\n\n<p>Cumhurba\u015fkan\u0131 Erdo\u011fan&#8217;\u0131n se\u00e7im vaadi olan \u00fcniversite \u00f6\u011frencilerine y\u00f6nelik vergisiz telefon sat\u0131\u015f\u0131na y\u00f6nelik d\u00fczenleme hayata ge\u00e7iyor. Erdo\u011fan detaylar\u0131 2 hafta sonra ger\u00e7ekle\u015ftirilecek olan Kabine Toplant\u0131s\u0131&#8217;n\u0131n ard\u0131ndan a\u00e7\u0131klayaca\u011f\u0131n\u0131 belirtti.<\/p>\n\n\n\n<p>Erdo\u011fan, milyonlarca gencin heyecanla bekledi\u011fi d\u00fczenlemenin detaylar\u0131n\u0131 bir sonraki Kabine Toplant\u0131s\u0131&#8217;n\u0131n ard\u0131ndan a\u00e7\u0131klayaca\u011f\u0131n\u0131 s\u00f6yledi.<\/p>\n\n\n\n<p><strong>ERDO\u011eAN 2 HAFTA SONRAYI \u0130\u015eARET ETT\u0130<\/strong><\/p>\n\n\n\n<p>Kabine Toplant\u0131s\u0131&#8217;n\u0131n ard\u0131ndan konu hakk\u0131nda konu\u015fan Erdo\u011fan, &#8220;Milletimize meydanlarda verdi\u011fimiz s\u00f6zleri, \u00fclkemizin ve k\u00fcresel ekonominin \u015fartlar\u0131n\u0131 da g\u00f6z \u00f6n\u00fcnde bulundurarak hayata ge\u00e7iriyoruz. Y\u00fcksek \u00f6\u011fretimde olan \u00f6\u011frencilerimize taahh\u00fcd\u00fcm\u00fcz olan konuyu de\u011ferlendirdik. Nihai \u00e7al\u0131\u015fmaya g\u00f6re bir sonraki toplant\u0131m\u0131zda her iki konuyla ilgili detaylar\u0131 gen\u00e7lerimizle payla\u015faca\u011f\u0131z. Evlenecek gen\u00e7lerimize kredi meselesi yak\u0131n takibimizdedir. Aile yap\u0131s\u0131n\u0131n korunmas\u0131 ve istikbalimiz ad\u0131na \u00f6nem verdi\u011fimiz bu projemizi ger\u00e7ekle\u015ftirmekte kararl\u0131y\u0131z.&#8221; ifadelerini kulland\u0131.<\/p>\n\n\n\n<p><strong>T\u00dcRK\u0130YE&#8217;DE \u00dcRET\u0130LEN TELEFONLARI KAPSAYACAK<\/strong><\/p>\n\n\n\n<p>Ula\u015ft\u0131rma ve Altyap\u0131 Bakan\u0131 Abdulkadir Uralo\u011flu, ge\u00e7ti\u011fimiz hafta uygulamaya ili\u015fkin \u00f6nemli ipu\u00e7lar\u0131 vermi\u015fti. Vergisiz telefon sat\u0131\u015f\u0131n\u0131ngelirine bak\u0131lmaks\u0131z\u0131n 7 milyon \u00fcniversite \u00f6\u011frencisini kapsayaca\u011f\u0131n\u0131 s\u00f6yleyen Uralo\u011flu, &#8220;Ayl\u0131k 10 GB bedava internetle birlikte ba\u015flayacak. Vergisiz telefon t\u00fcm model ve markalar\u0131 kapsamayacak. T\u00fcrkiye&#8217;de \u00fcretilen telefonlar\u0131 kapsayacak ve bunlar i\u00e7in de bir \u00fcst s\u0131n\u0131r olacak. T\u00fcrkiye&#8217;de \u00fcretenler i\u00e7inde Samsung, General Mobile var, Huawei, Apple yok.&#8221; demi\u015fti.<\/p>\n\n\n\n<p><strong>2 YIL SATMAMA \u015eARTI<\/strong><\/p>\n\n\n\n<p>Al\u0131nacak telefonun 2 y\u0131l sat\u0131lamayaca\u011f\u0131n\u0131 da belirten Uralo\u011flu, &#8220;Vergi al\u0131nmamas\u0131 telefonlar\u0131n fiyatlar\u0131n\u0131 yar\u0131 yar\u0131ya ucuzlatacak. Ki\u015finin hatt\u0131yla telefonunun mutlaka belli s\u00fcre uyumlu olmas\u0131 gerekecek yani en az 2 y\u0131l ba\u015fkas\u0131 kullanamayacak, ba\u015fkas\u0131na sat\u0131lamayacak. Bunun takibini biz BTK arac\u0131l\u0131\u011f\u0131yla yapaca\u011f\u0131z.&#8221; \u015feklinde konu\u015fmu\u015ftu.<\/p>\n\n\n\n<p>\u0130\u015fte T\u00fcrkiye&#8217;de \u00fcretimi veya montaj\u0131 ger\u00e7ekle\u015ftirilen marka ve modellerden baz\u0131lar\u0131:<\/p>\n\n\n\n<p>Xiaomi: Redmi 9C, Redmi 9T, Redmi Note 10S, Redmi 10 2022,<\/p>\n\n\n\n<p>OPPO: A15, Reno 5 Lite,<\/p>\n\n\n\n<p>Vivo: Y11s, Y21s, Y53s<\/p>\n\n\n\n<p>Samsung: Galaxy A01, Galaxy A21s, Galaxy A30, Galaxy A52, Galaxy,<\/p>\n\n\n\n<p>TCL: 20 SE, 20 E, L7,<\/p>\n\n\n\n<p>Reeder: S19 Max Pro S<\/p>\n\n\n\n<p>Realme: C21, C21Y, C25 Omix: X300, X500,<\/p>\n\n\n\n<p>Tecno Mobile: Camon 16,<\/p>\n\n\n\n<p>General Mobile: 21, Poco C40, Phoenix 5G, 24 Pro<\/p>\n\n\n\n<p>Casper: VIA X30 Plus, VIA M30 Plus<\/p>\n\n\n\n<p>OMIX: X5<\/p>\n","protected":false},"excerpt":{"rendered":"<p>Cumhurba\u015fkan\u0131 Erdo\u011fan&#8217;\u0131n se\u00e7im vaadi olan \u00fcniversite \u00f6\u011frencilerine y\u00f6nelik vergisiz telefon sat\u0131\u015f\u0131na y\u00f6nelik d\u00fczenleme hayata ge\u00e7iyor. Erdo\u011fan&#46;&#46;&#46;<\/p>\n","protected":false},"author":2,"featured_media":9157,"comment_status":"open","ping_status":"open","sticky":false,"template":"","format":"standard","meta":{"inline_featured_image":false,"footnotes":""},"categories":[82],"tags":[747,107,189,2741,2742],"manset":[],"class_list":["post-9155","post","type-post","status-publish","format-standard","has-post-thumbnail","hentry","category-gundem-haberleri","tag-kabine-toplantisi","tag-ub","tag-universite","tag-universitelilere-vergisiz-telefon-satisi-basliyor","tag-vergisiz-telefon"],"_links":{"self":[{"href":"https:\/\/www.urfabugun.com\/index.php\/wp-json\/wp\/v2\/posts\/9155","targetHints":{"allow":["GET"]}}],"collection":[{"href":"https:\/\/www.urfabugun.com\/index.php\/wp-json\/wp\/v2\/posts"}],"about":[{"href":"https:\/\/www.urfabugun.com\/index.php\/wp-json\/wp\/v2\/types\/post"}],"author":[{"embeddable":true,"href":"https:\/\/www.urfabugun.com\/index.php\/wp-json\/wp\/v2\/users\/2"}],"replies":[{"embeddable":true,"href":"https:\/\/www.urfabugun.com\/index.php\/wp-json\/wp\/v2\/comments?post=9155"}],"version-history":[{"count":0,"href":"https:\/\/www.urfabugun.com\/index.php\/wp-json\/wp\/v2\/posts\/9155\/revisions"}],"wp:featuredmedia":[{"embeddable":true,"href":"https:\/\/www.urfabugun.com\/index.php\/wp-json\/wp\/v2\/media\/9157"}],"wp:attachment":[{"href":"https:\/\/www.urfabugun.com\/index.php\/wp-json\/wp\/v2\/media?parent=9155"}],"wp:term":[{"taxonomy":"category","embeddable":true,"href":"https:\/\/www.urfabugun.com\/index.php\/wp-json\/wp\/v2\/categories?post=9155"},{"taxonomy":"post_tag","embeddable":true,"href":"https:\/\/www.urfabugun.com\/index.php\/wp-json\/wp\/v2\/tags?post=9155"},{"taxonomy":"manset","embeddable":true,"href":"https:\/\/www.urfabugun.com\/index.php\/wp-json\/wp\/v2\/manset?post=9155"}],"curies":[{"name":"wp","href":"https:\/\/api.w.org\/{rel}","templated":true}]}}