{"id":9163,"date":"2023-09-06T19:25:53","date_gmt":"2023-09-06T16:25:53","guid":{"rendered":"https:\/\/www.urfabugun.com\/?p=9163"},"modified":"2023-09-06T19:26:00","modified_gmt":"2023-09-06T16:26:00","slug":"korona-virus-uyarisi-kis-oncesi-vaka-sayisi-firladi","status":"publish","type":"post","link":"https:\/\/www.urfabugun.com\/index.php\/2023\/09\/06\/korona-virus-uyarisi-kis-oncesi-vaka-sayisi-firladi\/","title":{"rendered":"Korona Vir\u00fcs Uyar\u0131s\u0131: K\u0131\u015f \u00d6ncesi Vaka Say\u0131s\u0131 F\u0131rlad\u0131!"},"content":{"rendered":"\n<p><\/p>\n\n\n\n<p><strong>D\u00fcnya Sa\u011fl\u0131k \u00d6rg\u00fct\u00fc Genel Direkt\u00f6r\u00fc Tedros Adhanom Ghebreyesus, kuzey yar\u0131m k\u00fcrede k\u0131\u015f mevsimi \u00f6ncesinde Kovid-19 vakalar\u0131nda art\u0131\u015f\u0131n endi\u015fe verici boyutlara geldi\u011fini s\u00f6yledi.<\/strong><\/p>\n\n\n\n<p>D\u00fcnya Sa\u011fl\u0131k \u00d6rg\u00fct\u00fc (DS\u00d6) Genel Direkt\u00f6r\u00fc Tedros Adhanom Ghebreyesus, kuzey yar\u0131m k\u00fcrede k\u0131\u015f mevsimi \u00f6ncesinde Kovid-19 vakalar\u0131nda endi\u015fe verici art\u0131\u015f\u0131n ya\u015fand\u0131\u011f\u0131n\u0131, Orta Do\u011fu ve Asya&#8217;n\u0131n baz\u0131 b\u00f6lgelerinde \u00f6l\u00fcmlerin, Avrupa&#8217;da ise yo\u011fun bak\u0131ma yat\u0131\u015flar\u0131n artt\u0131\u011f\u0131n\u0131 belirtti.<\/p>\n\n\n\n<p><strong>&#8220;KI\u015e \u00d6NCES\u0130 KOV\u0130D VAKALARINDA ARTI\u015e VAR&#8221;<\/strong><\/p>\n\n\n\n<p>Ghebreyesus, DS\u00d6&#8217;n\u00fcn haftal\u0131k bas\u0131n toplant\u0131s\u0131nda g\u00fcncel sa\u011fl\u0131k konular\u0131na ili\u015fkin de\u011ferlendirmelerde bulundu. Kuzey yar\u0131m k\u00fcrede k\u0131\u015f mevsimi \u00f6ncesinde Kovid-19 vakalar\u0131nda endi\u015fe verici art\u0131\u015f ya\u015fand\u0131\u011f\u0131na i\u015faret eden Ghebreyesus, &#8220;Orta Do\u011fu ve Asya&#8217;n\u0131n baz\u0131 b\u00f6lgelerinde \u00f6l\u00fcmler, Avrupa&#8217;da ise yo\u011fun bak\u0131ma ba\u015fvurular ve bir\u00e7ok b\u00f6lgede hastaneye yat\u0131\u015flar art\u0131yor.&#8221; dedi.<\/p>\n\n\n\n<p>DS\u00d6: Kovid-19 Vakalar\u0131nda Art\u0131\u015f ve Sa\u011fl\u0131k Hizmetlerine Eri\u015fim SorunuD\u00fcnya Sa\u011fl\u0131k \u00d6rg\u00fct\u00fc (DS\u00d6) Genel Direkt\u00f6r\u00fc Tedros Adhanom Ghebreyesus<\/p>\n\n\n\n<p><strong>ER\u0130S VARYANTINDA ARTI\u015e<\/strong><\/p>\n\n\n\n<p>Ghebreyesus, Kovid-19&#8217;a dair DS\u00d6&#8217;n\u00fcn elde etti\u011fi verilerin s\u0131n\u0131rl\u0131 oldu\u011funu, sadece 43 \u00fclkenin (DS\u00d6&#8217;ye \u00fcye \u00fclkelerin d\u00f6rtte birinden az\u0131) \u00f6l\u00fcmler ve 20 \u00fclkenin ise hastaneye yat\u0131\u015flarla ilgili DS\u00d6&#8217;y\u00fc bilgilendirdi\u011fini vurgulad\u0131.<\/p>\n\n\n\n<p>K\u00fcresel olarak bask\u0131n bir Kovid-19 varyant\u0131 olmad\u0131\u011f\u0131n\u0131 aktaran Ghebreyesus, &#8220;Eris&#8221; ad\u0131 verilen EG.5 varyant\u0131n art\u0131\u015f g\u00f6sterdi\u011fini kaydetti.Kovid-19&#8217;un BA.2.86 varyant\u0131n\u0131n 11 \u00fclkede tespit edildi\u011fini s\u00f6yleyen Ghebreyesus, DS\u00d6&#8217;n\u00fcn bu varyant\u0131, bula\u015f\u0131c\u0131l\u0131\u011f\u0131n\u0131 ve potansiyel etkisini de\u011ferlendirmek i\u00e7in yak\u0131ndan takip etti\u011fini dile getirdi.<\/p>\n\n\n\n<p>Ghebreyesus, &#8220;DS\u00d6&#8217;n\u00fcn en b\u00fcy\u00fck endi\u015felerinden biri, yak\u0131n zamanda bir doz Kovid-19 a\u015f\u0131s\u0131 yapt\u0131ran risk alt\u0131ndaki ki\u015filerin say\u0131s\u0131n\u0131n d\u00fc\u015f\u00fck olmas\u0131d\u0131r. Risk alt\u0131ndaki ki\u015filer tavsiye edilirse ek doz almal\u0131.&#8221; ifadelerini kulland\u0131.<\/p>\n","protected":false},"excerpt":{"rendered":"<p>D\u00fcnya Sa\u011fl\u0131k \u00d6rg\u00fct\u00fc Genel Direkt\u00f6r\u00fc Tedros Adhanom Ghebreyesus, kuzey yar\u0131m k\u00fcrede k\u0131\u015f mevsimi \u00f6ncesinde Kovid-19 vakalar\u0131nda&#46;&#46;&#46;<\/p>\n","protected":false},"author":2,"featured_media":9165,"comment_status":"open","ping_status":"open","sticky":false,"template":"","format":"standard","meta":{"inline_featured_image":false,"footnotes":""},"categories":[78],"tags":[2747,178,2328,2746,131,107,608,1848],"manset":[],"class_list":["post-9163","post","type-post","status-publish","format-standard","has-post-thumbnail","hentry","category-dunya-haberleri","tag-corona","tag-deprem","tag-dunya","tag-korona-virus-uyarisi-kis-oncesi-vaka-sayisi-firladi","tag-son-dakika","tag-ub","tag-urfa-bugun","tag-virus"],"_links":{"self":[{"href":"https:\/\/www.urfabugun.com\/index.php\/wp-json\/wp\/v2\/posts\/9163","targetHints":{"allow":["GET"]}}],"collection":[{"href":"https:\/\/www.urfabugun.com\/index.php\/wp-json\/wp\/v2\/posts"}],"about":[{"href":"https:\/\/www.urfabugun.com\/index.php\/wp-json\/wp\/v2\/types\/post"}],"author":[{"embeddable":true,"href":"https:\/\/www.urfabugun.com\/index.php\/wp-json\/wp\/v2\/users\/2"}],"replies":[{"embeddable":true,"href":"https:\/\/www.urfabugun.com\/index.php\/wp-json\/wp\/v2\/comments?post=9163"}],"version-history":[{"count":0,"href":"https:\/\/www.urfabugun.com\/index.php\/wp-json\/wp\/v2\/posts\/9163\/revisions"}],"wp:featuredmedia":[{"embeddable":true,"href":"https:\/\/www.urfabugun.com\/index.php\/wp-json\/wp\/v2\/media\/9165"}],"wp:attachment":[{"href":"https:\/\/www.urfabugun.com\/index.php\/wp-json\/wp\/v2\/media?parent=9163"}],"wp:term":[{"taxonomy":"category","embeddable":true,"href":"https:\/\/www.urfabugun.com\/index.php\/wp-json\/wp\/v2\/categories?post=9163"},{"taxonomy":"post_tag","embeddable":true,"href":"https:\/\/www.urfabugun.com\/index.php\/wp-json\/wp\/v2\/tags?post=9163"},{"taxonomy":"manset","embeddable":true,"href":"https:\/\/www.urfabugun.com\/index.php\/wp-json\/wp\/v2\/manset?post=9163"}],"curies":[{"name":"wp","href":"https:\/\/api.w.org\/{rel}","templated":true}]}}