{"id":9167,"date":"2023-09-06T19:36:23","date_gmt":"2023-09-06T16:36:23","guid":{"rendered":"https:\/\/www.urfabugun.com\/?p=9167"},"modified":"2023-09-06T19:36:29","modified_gmt":"2023-09-06T16:36:29","slug":"ekonomide-yol-haritasi-belirlendi-iste-hukumetin-yil-sonu-dolar-ve-enflasyon-tahmini","status":"publish","type":"post","link":"https:\/\/www.urfabugun.com\/index.php\/2023\/09\/06\/ekonomide-yol-haritasi-belirlendi-iste-hukumetin-yil-sonu-dolar-ve-enflasyon-tahmini\/","title":{"rendered":"Ekonomide Yol Haritas\u0131 Belirlendi! \u0130\u015fte H\u00fck\u00fcmetin Y\u0131l Sonu Dolar ve Enflasyon Tahmini!"},"content":{"rendered":"\n<p><\/p>\n\n\n\n<p><strong>T\u00fcrkiye ekonomisinin 2024-2026 d\u00f6nemine ili\u015fkin 3 y\u0131ll\u0131k yol haritas\u0131n\u0131 kapsayan Orta Vadeli Program a\u00e7\u0131kland\u0131.<\/strong><\/p>\n\n\n\n<p>Ekonomide 3 y\u0131l\u0131n yol haritas\u0131n\u0131 belirlemek i\u00e7in aylar s\u00fcren \u00e7al\u0131\u015fmada sona gelindi. 2024-2026 y\u0131llar\u0131na ili\u015fkin Orta Vadeli Program (OVP) Cumhurba\u015fkanl\u0131\u011f\u0131 K\u00fclliyesi&#8217;nde ger\u00e7ekle\u015ftirilen organizasyonla a\u00e7\u0131kland\u0131.<\/p>\n\n\n\n<p>Y\u0131lmaz&#8217;\u0131n a\u00e7\u0131klamalar\u0131 \u015f\u00f6yle:&#8221;OVP&#8217;ye katk\u0131 sunanlara \u015f\u00fckranlar\u0131m\u0131 arz ediyorum. OVP, kamu ve \u00f6zel kesim i\u00e7in \u00f6ng\u00f6r\u00fclebilirli\u011fi art\u0131ran yol haritas\u0131 niteli\u011fi ta\u015f\u0131maktad\u0131r. 2024-2026 kesimini kapsayacak olup Cumhurba\u015fkan\u0131 karar\u0131yla resmile\u015fmektedir. OVP&#8217;de makroekonomik hedefler ve politikalar ile yap\u0131sal alanlar yer almaktad\u0131r. Kamu i\u00e7indeki \u00e7al\u0131\u015fmalarla yetinmedik, sivil toplum kurulu\u015flar\u0131n\u0131n fikirlerini alarak program\u0131 haz\u0131rlad\u0131k. \u0130sti\u015farede ortak ak\u0131l bizim temel d\u00fcsturumuz. \u00d6ncelikle ilgili taraflar\u0131 belirleme politikalar\u0131n kalitesini art\u0131ran, sahiplenmeyi getiren bir s\u00fcre\u00e7.<\/p>\n\n\n\n<p><strong>&#8220;B\u00dcY\u00dcME VE \u0130ST\u0130HDAMI ASLA \u0130HMAL ETMEYECE\u011e\u0130Z&#8221;<\/strong><\/p>\n\n\n\n<p>Afet yaralar\u0131n\u0131n sar\u0131lmas\u0131 ve afet risklerinin azalt\u0131lmas\u0131, makroekonomik ve finansal istikrar\u0131n sa\u011flanmas\u0131, enflasyonun tek haneye indirilmesi, yat\u0131r\u0131m, istihdam, \u00fcretim ve ihracat perspektifiyle b\u00fcy\u00fcme ve istihdam\u0131n devam ettirilmesi, sosyal adalet ve refah\u0131n g\u00fc\u00e7lendirilmesi ama\u00e7lar aras\u0131nda yer al\u0131yor. Afetin yaralar\u0131n\u0131 sararken tek haneli enflasyona giderken b\u00fcy\u00fcme ve istihdam\u0131 asla ihmal etmeyece\u011fiz.<\/p>\n\n\n\n<p><strong>&#8220;2023&#8217;\u00dc Y\u00dcZDE 4,4 B\u00dcY\u00dcME \u0130LE KAPATMAYI BEKL\u0130YORUZ&#8221;<\/strong><\/p>\n\n\n\n<p>Son 20 y\u0131lda T\u00fcrkiye&#8217;nin ortalama y\u0131ll\u0131k b\u00fcy\u00fcme oran\u0131 y\u00fczde 5,5 olarak ger\u00e7ekle\u015fmi\u015fti. D\u00fcnyan\u0131n 2 puan \u00fcst\u00fcnde b\u00fcy\u00fcme performans\u0131 sergilemi\u015fiz. 2024&#8217;te y\u00fczde 4,0, 2025&#8217;te y\u00fczde 4,5, 2026&#8217;da y\u00fczde 5,0 b\u00fcy\u00fcme bekliyoruz. Bu y\u0131l 1,67 milyar dolar milli gelire ula\u015faca\u011f\u0131z.Ki\u015fi ba\u015f\u0131na gelirin 2024&#8217;te 12.875, 2025&#8217;te 13.717, 2026&#8217;da 14.855 dolar olarak ger\u00e7ekle\u015fmesini bekliyoruz. N\u00fcfusumuzun 88 milyon 750 bine ula\u015fm\u0131\u015f olacak. Ortalama olarak 4,5 b\u00fcy\u00fcme kaydedecek. \u0130stihdamda 2,7 milyon art\u0131\u015f bekliyoruz. Y\u0131ll\u0131k 909 bin ilave, her y\u0131l istihdamda art\u0131\u015f bekliyoruz. Buna ra\u011fmen i\u015fsizlik oran\u0131nda arzu etti\u011fimiz \u00f6l\u00e7\u00fcde gerileme olmuyor. \u0130\u015fg\u00fcc\u00fc piyasas\u0131na kat\u0131l\u0131m oran\u0131nda h\u0131zl\u0131 y\u00fckseli\u015f bekliyoruz. \u0130\u015fsizlik oran\u0131n\u0131n 2024&#8217;te y\u00fczde 10,3&#8217;e, 2025&#8217;te y\u00fczde 9,9&#8217;a, 2026&#8217;da y\u00fczde 9,3&#8217;e gerilemesini bekliyoruz. 2023 y\u0131l\u0131n\u0131 %4,4&#8217;lik b\u00fcy\u00fcmeyle kapatmay\u0131 bekliyoruz.<\/p>\n","protected":false},"excerpt":{"rendered":"<p>T\u00fcrkiye ekonomisinin 2024-2026 d\u00f6nemine ili\u015fkin 3 y\u0131ll\u0131k yol haritas\u0131n\u0131 kapsayan Orta Vadeli Program a\u00e7\u0131kland\u0131. Ekonomide 3&#46;&#46;&#46;<\/p>\n","protected":false},"author":2,"featured_media":9169,"comment_status":"open","ping_status":"open","sticky":false,"template":"","format":"standard","meta":{"inline_featured_image":false,"footnotes":""},"categories":[80],"tags":[2748,118,131,107],"manset":[],"class_list":["post-9167","post","type-post","status-publish","format-standard","has-post-thumbnail","hentry","category-ekonomi-haberleri","tag-ekonomide-yol-haritasi-belirlendi","tag-sanliurfa","tag-son-dakika","tag-ub"],"_links":{"self":[{"href":"https:\/\/www.urfabugun.com\/index.php\/wp-json\/wp\/v2\/posts\/9167","targetHints":{"allow":["GET"]}}],"collection":[{"href":"https:\/\/www.urfabugun.com\/index.php\/wp-json\/wp\/v2\/posts"}],"about":[{"href":"https:\/\/www.urfabugun.com\/index.php\/wp-json\/wp\/v2\/types\/post"}],"author":[{"embeddable":true,"href":"https:\/\/www.urfabugun.com\/index.php\/wp-json\/wp\/v2\/users\/2"}],"replies":[{"embeddable":true,"href":"https:\/\/www.urfabugun.com\/index.php\/wp-json\/wp\/v2\/comments?post=9167"}],"version-history":[{"count":0,"href":"https:\/\/www.urfabugun.com\/index.php\/wp-json\/wp\/v2\/posts\/9167\/revisions"}],"wp:featuredmedia":[{"embeddable":true,"href":"https:\/\/www.urfabugun.com\/index.php\/wp-json\/wp\/v2\/media\/9169"}],"wp:attachment":[{"href":"https:\/\/www.urfabugun.com\/index.php\/wp-json\/wp\/v2\/media?parent=9167"}],"wp:term":[{"taxonomy":"category","embeddable":true,"href":"https:\/\/www.urfabugun.com\/index.php\/wp-json\/wp\/v2\/categories?post=9167"},{"taxonomy":"post_tag","embeddable":true,"href":"https:\/\/www.urfabugun.com\/index.php\/wp-json\/wp\/v2\/tags?post=9167"},{"taxonomy":"manset","embeddable":true,"href":"https:\/\/www.urfabugun.com\/index.php\/wp-json\/wp\/v2\/manset?post=9167"}],"curies":[{"name":"wp","href":"https:\/\/api.w.org\/{rel}","templated":true}]}}