{"id":9171,"date":"2023-09-07T10:01:57","date_gmt":"2023-09-07T07:01:57","guid":{"rendered":"https:\/\/www.urfabugun.com\/?p=9171"},"modified":"2023-09-07T10:02:04","modified_gmt":"2023-09-07T07:02:04","slug":"prof-ercan-depremde-en-guvenli-illeri-siraladi-listede-sanliurfada-var","status":"publish","type":"post","link":"https:\/\/www.urfabugun.com\/index.php\/2023\/09\/07\/prof-ercan-depremde-en-guvenli-illeri-siraladi-listede-sanliurfada-var\/","title":{"rendered":"Prof. Ercan, Depremde En G\u00fcvenli \u0130lleri S\u0131ralad\u0131: Listede \u015eanl\u0131urfa\u2019da Var!"},"content":{"rendered":"\n<p><\/p>\n\n\n\n<p><strong>Deprem uzman\u0131 Prof. Dr. \u00d6vg\u00fcn Ahmet Ercan, T\u00fcrkiye\u2019deki deprem riski a\u00e7\u0131s\u0131ndan en g\u00fcvenli illeri a\u00e7\u0131klad\u0131. En g\u00fcvenli iller aras\u0131nda \u015eanl\u0131urfa\u2019da var.<\/strong><\/p>\n\n\n\n<p>Sosyal medya hesab\u0131ndan yapt\u0131\u011f\u0131 payla\u015f\u0131mda, \u201cY\u0131k\u0131c\u0131 deprem bak\u0131m\u0131ndan T\u00fcrkiye\u2019nin en g\u00fcvenli \u00f6nde gelen illeri: K\u0131rklareli, Zonguldak, Kastamonu, Sinop, Samsun, Giresun, Ordu, Trabzon, Rize, Artvin, Mardin, Siirt, Batman, \u015eanl\u0131urfa, Mersin, Antalya, Konya, Karaman, Ni\u011fde, Nev\u015fehir, Ankara.\u201d \u015feklinde ifadeler kulland\u0131.<\/p>\n\n\n\n<p>Kaynak: GapTimes<\/p>\n","protected":false},"excerpt":{"rendered":"<p>Deprem uzman\u0131 Prof. Dr. \u00d6vg\u00fcn Ahmet Ercan, T\u00fcrkiye\u2019deki deprem riski a\u00e7\u0131s\u0131ndan en g\u00fcvenli illeri a\u00e7\u0131klad\u0131. En&#46;&#46;&#46;<\/p>\n","protected":false},"author":2,"featured_media":9173,"comment_status":"open","ping_status":"open","sticky":false,"template":"","format":"standard","meta":{"inline_featured_image":false,"footnotes":""},"categories":[82],"tags":[404,178,2749,118,131,139,107],"manset":[],"class_list":["post-9171","post","type-post","status-publish","format-standard","has-post-thumbnail","hentry","category-gundem-haberleri","tag-adiyaman","tag-deprem","tag-en-guvenli-illeri-siraladi-listede-sanliurfada-var","tag-sanliurfa","tag-son-dakika","tag-sondakika","tag-ub"],"_links":{"self":[{"href":"https:\/\/www.urfabugun.com\/index.php\/wp-json\/wp\/v2\/posts\/9171","targetHints":{"allow":["GET"]}}],"collection":[{"href":"https:\/\/www.urfabugun.com\/index.php\/wp-json\/wp\/v2\/posts"}],"about":[{"href":"https:\/\/www.urfabugun.com\/index.php\/wp-json\/wp\/v2\/types\/post"}],"author":[{"embeddable":true,"href":"https:\/\/www.urfabugun.com\/index.php\/wp-json\/wp\/v2\/users\/2"}],"replies":[{"embeddable":true,"href":"https:\/\/www.urfabugun.com\/index.php\/wp-json\/wp\/v2\/comments?post=9171"}],"version-history":[{"count":0,"href":"https:\/\/www.urfabugun.com\/index.php\/wp-json\/wp\/v2\/posts\/9171\/revisions"}],"wp:featuredmedia":[{"embeddable":true,"href":"https:\/\/www.urfabugun.com\/index.php\/wp-json\/wp\/v2\/media\/9173"}],"wp:attachment":[{"href":"https:\/\/www.urfabugun.com\/index.php\/wp-json\/wp\/v2\/media?parent=9171"}],"wp:term":[{"taxonomy":"category","embeddable":true,"href":"https:\/\/www.urfabugun.com\/index.php\/wp-json\/wp\/v2\/categories?post=9171"},{"taxonomy":"post_tag","embeddable":true,"href":"https:\/\/www.urfabugun.com\/index.php\/wp-json\/wp\/v2\/tags?post=9171"},{"taxonomy":"manset","embeddable":true,"href":"https:\/\/www.urfabugun.com\/index.php\/wp-json\/wp\/v2\/manset?post=9171"}],"curies":[{"name":"wp","href":"https:\/\/api.w.org\/{rel}","templated":true}]}}