{"id":9179,"date":"2023-09-07T18:45:48","date_gmt":"2023-09-07T15:45:48","guid":{"rendered":"https:\/\/www.urfabugun.com\/?p=9179"},"modified":"2023-09-07T18:45:54","modified_gmt":"2023-09-07T15:45:54","slug":"sanliurfada-17-ruhsatsiz-tabanca-1-av-tufegi-ele-gecirildi","status":"publish","type":"post","link":"https:\/\/www.urfabugun.com\/index.php\/2023\/09\/07\/sanliurfada-17-ruhsatsiz-tabanca-1-av-tufegi-ele-gecirildi\/","title":{"rendered":"\u015eanl\u0131urfa&#8217;da 17 Ruhsats\u0131z Tabanca, 1 Av T\u00fcfe\u011fi Ele Ge\u00e7irildi!"},"content":{"rendered":"\n<p><\/p>\n\n\n\n<p><strong>\u015eanl\u0131urfa&#8217;da silah ka\u00e7ak\u00e7\u0131l\u0131\u011f\u0131 operasyonunda 17 ruhsats\u0131z tabanca ile 1 av t\u00fcfe\u011fi ele ge\u00e7irildi, 2 \u015f\u00fcpheli tutukland\u0131.<\/strong><\/p>\n\n\n\n<p>\u0130l Emniyet M\u00fcd\u00fcrl\u00fc\u011f\u00fc ekiplerinin silah ka\u00e7ak\u00e7\u0131l\u0131\u011f\u0131yla m\u00fccadele \u00e7al\u0131\u015fmalar\u0131 devam ediyor.<\/p>\n\n\n\n<p>Ekipler kent merkezinde bir eve d\u00fczenledi\u011fi operasyonda 17 ruhsats\u0131z tabanca, 1 av t\u00fcfe\u011fi ele ge\u00e7irdi.<\/p>\n\n\n\n<p>Operasyonda 3 \u015f\u00fcpheli g\u00f6zalt\u0131na al\u0131nd\u0131.<\/p>\n\n\n\n<p>Emniyetteki i\u015flemlerin ard\u0131ndan adliyeye sevk edilen \u015f\u00fcphelilerden 2&#8217;si tutukland\u0131, 1 ki\u015fi ise adli kontrol \u015fart\u0131yla serbest b\u0131rak\u0131ld\u0131.<\/p>\n","protected":false},"excerpt":{"rendered":"<p>\u015eanl\u0131urfa&#8217;da silah ka\u00e7ak\u00e7\u0131l\u0131\u011f\u0131 operasyonunda 17 ruhsats\u0131z tabanca ile 1 av t\u00fcfe\u011fi ele ge\u00e7irildi, 2 \u015f\u00fcpheli tutukland\u0131.&#46;&#46;&#46;<\/p>\n","protected":false},"author":2,"featured_media":9181,"comment_status":"open","ping_status":"open","sticky":false,"template":"","format":"standard","meta":{"inline_featured_image":false,"footnotes":""},"categories":[75],"tags":[2753,184,118,2752,131,107,608],"manset":[],"class_list":["post-9179","post","type-post","status-publish","format-standard","has-post-thumbnail","hentry","category-asayis-haberleri","tag-1-av-tufegi-ele-gecirildi","tag-asayis","tag-sanliurfa","tag-sanliurfada-17-ruhsatsiz-tabanca","tag-son-dakika","tag-ub","tag-urfa-bugun"],"_links":{"self":[{"href":"https:\/\/www.urfabugun.com\/index.php\/wp-json\/wp\/v2\/posts\/9179","targetHints":{"allow":["GET"]}}],"collection":[{"href":"https:\/\/www.urfabugun.com\/index.php\/wp-json\/wp\/v2\/posts"}],"about":[{"href":"https:\/\/www.urfabugun.com\/index.php\/wp-json\/wp\/v2\/types\/post"}],"author":[{"embeddable":true,"href":"https:\/\/www.urfabugun.com\/index.php\/wp-json\/wp\/v2\/users\/2"}],"replies":[{"embeddable":true,"href":"https:\/\/www.urfabugun.com\/index.php\/wp-json\/wp\/v2\/comments?post=9179"}],"version-history":[{"count":0,"href":"https:\/\/www.urfabugun.com\/index.php\/wp-json\/wp\/v2\/posts\/9179\/revisions"}],"wp:featuredmedia":[{"embeddable":true,"href":"https:\/\/www.urfabugun.com\/index.php\/wp-json\/wp\/v2\/media\/9181"}],"wp:attachment":[{"href":"https:\/\/www.urfabugun.com\/index.php\/wp-json\/wp\/v2\/media?parent=9179"}],"wp:term":[{"taxonomy":"category","embeddable":true,"href":"https:\/\/www.urfabugun.com\/index.php\/wp-json\/wp\/v2\/categories?post=9179"},{"taxonomy":"post_tag","embeddable":true,"href":"https:\/\/www.urfabugun.com\/index.php\/wp-json\/wp\/v2\/tags?post=9179"},{"taxonomy":"manset","embeddable":true,"href":"https:\/\/www.urfabugun.com\/index.php\/wp-json\/wp\/v2\/manset?post=9179"}],"curies":[{"name":"wp","href":"https:\/\/api.w.org\/{rel}","templated":true}]}}