{"id":9193,"date":"2023-09-08T09:45:40","date_gmt":"2023-09-08T06:45:40","guid":{"rendered":"https:\/\/www.urfabugun.com\/?p=9193"},"modified":"2023-09-08T09:45:53","modified_gmt":"2023-09-08T06:45:53","slug":"cumartesi-gunu-sanliurfanin-6-ilcesinde-elektrik-kesintisi-yasanacak","status":"publish","type":"post","link":"https:\/\/www.urfabugun.com\/index.php\/2023\/09\/08\/cumartesi-gunu-sanliurfanin-6-ilcesinde-elektrik-kesintisi-yasanacak\/","title":{"rendered":"Cumartesi G\u00fcn\u00fc \u015eanl\u0131urfa\u2019n\u0131n 6 \u0130l\u00e7esinde Elektrik Kesintisi Ya\u015fanacak!"},"content":{"rendered":"\n<p><\/p>\n\n\n\n<p><strong>Dicle Elektrik Da\u011f\u0131t\u0131m \u015eirketi yapt\u0131\u011f\u0131 duyuruda, \u015eanl\u0131urfa\u2019n\u0131n 6 il\u00e7esinde elektrik kesintisi ya\u015fanaca\u011f\u0131n\u0131 duyurdu.<\/strong><\/p>\n\n\n\n<p>\u015eanl\u0131urfa\u2019n\u0131n 6 il\u00e7esinde 9 Eyl\u00fcl 2023, cumartesi g\u00fcn\u00fc Dicle elektrik taraf\u0131ndan elektrik kesintisi yap\u0131lacak.<\/p>\n\n\n\n<p>Elektrik kesintisi ya\u015fayacak yerler ve saatleri\u2026<\/p>\n\n\n\n<p><strong>HAL\u0130L\u0130YE<\/strong><\/p>\n\n\n\n<p>Bat\u0131kent, Ye\u015fildere, Yenice, \u015eahinler, Ey\u00fcpkent, K\u00fc\u00e7\u00fckhan, Bildim, \u0130kizce, B\u00fcy\u00fckhan, Ak\u00e7amescit, Beyazyaprak, Asya, B\u00fcy\u00fckhanca\u011f\u0131z, S\u0131rr\u0131n ve Konuklu mahallelerinde f4 fabrikalar fiderinde yap\u0131lacak osos okuma \u00e7al\u0131\u015fmas\u0131ndan dolay\u0131 saat <strong>09.00 ile 15.30<\/strong> aras\u0131nda planl\u0131 kesinti yap\u0131lacakt\u0131r.<\/p>\n\n\n\n<p><strong>EYY\u00dcB\u0130YE<\/strong><\/p>\n\n\n\n<p>Ye\u015fildere, Ovabeyli, U\u011furlu, Yukar\u0131\u00e7aykuyu, Sultantepe, A\u00e7mal\u0131, Gelincik, K\u00fc\u00e7\u00fckhan, Bildim, Abdurrahmandede, \u00c7amurlu, Alt\u0131n, K\u00fcl\u00fcn\u00e7e ve Beyazyaprak mahallerinde Tahiro\u011fullar\u0131 taraf\u0131ndan AG pano de\u011fi\u015fimi yap\u0131laca\u011f\u0131ndan dolay\u0131 <strong>06.00 ile 17.00<\/strong> saatleri aras\u0131nda planl\u0131 kesinti yap\u0131lacakt\u0131r.<\/p>\n\n\n\n<p><strong>SURU\u00c7<\/strong><\/p>\n\n\n\n<p>M\u00fcr\u015fitp\u0131nar, Binatl\u0131, Y\u0131ld\u0131z, \u00c7aykara, Kurutepe, Tok\u00e7al\u0131, G\u00fcnebakan ve Tav\u015fank\u00f6y mahallelerinde Ekremo\u011fullar\u0131 firmas\u0131 taraf\u0131ndan og hat deplasesi yap\u0131laca\u011f\u0131ndan dolay\u0131 saat<strong> 09.00 ile 17.00<\/strong> aras\u0131nda enerji kesintisi yap\u0131lacakt\u0131r.<\/p>\n\n\n\n<p><strong>S\u0130VEREK<\/strong><\/p>\n\n\n\n<p>E\u011fri\u00e7ay, Savucak, \u0130leri, Eskihan, Avurtepe, Kavakl\u0131dere, S\u00f6ylemez, G\u00fcrakar, Kam\u0131\u015fl\u0131, G\u00fczelp\u0131nar ve Bardak\u00e7\u0131 mahallerinde Tahiro\u011fullar\u0131 Elektrik taraf\u0131ndan hat bak\u0131m\u0131 yap\u0131laca\u011f\u0131ndan dolay\u0131 <strong>09.00 ile 18.00 <\/strong>aras\u0131nda elektrik kesintisi yap\u0131lacakt\u0131r<\/p>\n\n\n\n<p><strong>BOZOVA<\/strong><\/p>\n\n\n\n<p>Yaylak, Narsait, K\u00f6se\u015fahin, K\u00fcpeli, G\u00f6zenek, Nor\u00e7in, Hac\u0131lar, Ko\u00e7veran, Ko\u00e7hisar, T\u00fcrkmen\u00f6ren, Dutluk, Karg\u0131l\u0131, Karaca\u00f6ren ve Ma\u015fuk mahallerinde Yaylak K\u00f6k binas\u0131ndan Ko\u00e7hisar \u00c7\u0131k\u0131\u015f\u0131nda 3. seviye bak\u0131m \u00e7al\u0131\u015fmas\u0131 sebebiyle saat <strong>08.00 ile 18.00 <\/strong>aras\u0131nda enerji kesintisi uygulanacakt\u0131r.<\/p>\n\n\n\n<p><strong>H\u0130LVAN<\/strong><\/p>\n\n\n\n<p>\u00dc\u00e7kuyu, Yeni, G\u00f6lebakan, Mantarl\u0131, A\u015fa\u011f\u0131\u00e7atak, Aslanl\u0131, Ar\u0131n\u0131k, Do\u011frular, Sucuhan, Kepirkucak, B\u00f6l\u00fckba\u015f\u0131, \u0130ncirli, Bu\u011fur, Kuskunlu, \u00d6zba\u015f ve Ta\u015fl\u0131 mahallerinde f-5 fideri \u00f6n\u00fcndeki beton direk ve \u00e7evre yolundaki \u00e7ift devre beton direkte xlpe kablo ba\u011flant\u0131 noktalar\u0131 i\u00e7in saat <strong>09.00 ile 18.00<\/strong> aras\u0131nda enerji kesintisi ya\u015fanacakt\u0131r.<\/p>\n","protected":false},"excerpt":{"rendered":"<p>Dicle Elektrik Da\u011f\u0131t\u0131m \u015eirketi yapt\u0131\u011f\u0131 duyuruda, \u015eanl\u0131urfa\u2019n\u0131n 6 il\u00e7esinde elektrik kesintisi ya\u015fanaca\u011f\u0131n\u0131 duyurdu. \u015eanl\u0131urfa\u2019n\u0131n 6 il\u00e7esinde&#46;&#46;&#46;<\/p>\n","protected":false},"author":2,"featured_media":9195,"comment_status":"open","ping_status":"open","sticky":false,"template":"","format":"standard","meta":{"inline_featured_image":false,"footnotes":""},"categories":[82],"tags":[2756,1915,2755,107],"manset":[],"class_list":["post-9193","post","type-post","status-publish","format-standard","has-post-thumbnail","hentry","category-gundem-haberleri","tag-cumartesi-gunu-sanliurfanin-6-ilcesinde-elektrik-kesintisi-yasanacak","tag-dicle-elektrik","tag-elektrik-kesintisi-2","tag-ub"],"_links":{"self":[{"href":"https:\/\/www.urfabugun.com\/index.php\/wp-json\/wp\/v2\/posts\/9193","targetHints":{"allow":["GET"]}}],"collection":[{"href":"https:\/\/www.urfabugun.com\/index.php\/wp-json\/wp\/v2\/posts"}],"about":[{"href":"https:\/\/www.urfabugun.com\/index.php\/wp-json\/wp\/v2\/types\/post"}],"author":[{"embeddable":true,"href":"https:\/\/www.urfabugun.com\/index.php\/wp-json\/wp\/v2\/users\/2"}],"replies":[{"embeddable":true,"href":"https:\/\/www.urfabugun.com\/index.php\/wp-json\/wp\/v2\/comments?post=9193"}],"version-history":[{"count":0,"href":"https:\/\/www.urfabugun.com\/index.php\/wp-json\/wp\/v2\/posts\/9193\/revisions"}],"wp:featuredmedia":[{"embeddable":true,"href":"https:\/\/www.urfabugun.com\/index.php\/wp-json\/wp\/v2\/media\/9195"}],"wp:attachment":[{"href":"https:\/\/www.urfabugun.com\/index.php\/wp-json\/wp\/v2\/media?parent=9193"}],"wp:term":[{"taxonomy":"category","embeddable":true,"href":"https:\/\/www.urfabugun.com\/index.php\/wp-json\/wp\/v2\/categories?post=9193"},{"taxonomy":"post_tag","embeddable":true,"href":"https:\/\/www.urfabugun.com\/index.php\/wp-json\/wp\/v2\/tags?post=9193"},{"taxonomy":"manset","embeddable":true,"href":"https:\/\/www.urfabugun.com\/index.php\/wp-json\/wp\/v2\/manset?post=9193"}],"curies":[{"name":"wp","href":"https:\/\/api.w.org\/{rel}","templated":true}]}}