{"id":9197,"date":"2023-09-08T10:03:19","date_gmt":"2023-09-08T07:03:19","guid":{"rendered":"https:\/\/www.urfabugun.com\/?p=9197"},"modified":"2023-09-08T10:03:25","modified_gmt":"2023-09-08T07:03:25","slug":"bombali-teror-eylemi-hazirligindaki-5-terorist-yakalandi","status":"publish","type":"post","link":"https:\/\/www.urfabugun.com\/index.php\/2023\/09\/08\/bombali-teror-eylemi-hazirligindaki-5-terorist-yakalandi\/","title":{"rendered":"Bombal\u0131 Ter\u00f6r Eylemi Haz\u0131rl\u0131\u011f\u0131ndaki 5 Ter\u00f6rist Yakaland\u0131!"},"content":{"rendered":"\n<p><\/p>\n\n\n\n<p><strong>\u0130\u00e7i\u015fleri Bakan\u0131 Ali Yerlikaya, Diyarbak\u0131r&#8217;da bombal\u0131 ter\u00f6r eylemi haz\u0131rl\u0131\u011f\u0131ndaki 5 ter\u00f6ristin yakaland\u0131\u011f\u0131n\u0131 duyurdu. Nefes kesen operasyona ait g\u00f6r\u00fcnt\u00fcler de payla\u015f\u0131ld\u0131.<\/strong><\/p>\n\n\n\n<p>\u0130\u00e7i\u015fleri Bakan\u0131 Ali Yerlikaya, sosyal medya hesab\u0131ndan yapt\u0131\u011f\u0131 payla\u015f\u0131mda Diyarbak\u0131r&#8217;da d\u00fczenlenen operasyonlarda bombal\u0131 ter\u00f6r eylemi haz\u0131rl\u0131\u011f\u0131ndaki 5 ter\u00f6ristin yakaland\u0131\u011f\u0131n\u0131 payla\u015ft\u0131. Payla\u015f\u0131mda operasyondan g\u00f6r\u00fcnt\u00fcler de yer ald\u0131.<\/p>\n\n\n\n<p><strong>KURYEL\u0130K YAPTIKLARI TESP\u0130T ED\u0130LD\u0130!<\/strong><\/p>\n\n\n\n<p>Yerlikaya&#8217;n\u0131n tweet&#8217;inde \u015fu ifadeler yer ald\u0131: &#8220;Bombal\u0131 ter\u00f6r eylemi haz\u0131rl\u0131\u011f\u0131ndaki 5 ter\u00f6rist yakaland\u0131. Diyarbak\u0131r&#8217;da ikamet eden ve BT\u00d6 ad\u0131na KURYEL\u0130K yapt\u0131klar\u0131 tespit edilen R.D., D.D., O.D., F.D. ve R.D. isimli ter\u00f6ristlerin ikametlerinde yap\u0131lan aramalarda;<\/p>\n\n\n\n<ul class=\"wp-block-list\">\n<li>PETN patlay\u0131c\u0131 madde,<\/li>\n\n\n\n<li>A4 patlay\u0131c\u0131,<\/li>\n\n\n\n<li>roketatar ba\u015fl\u0131\u011f\u0131 ile avometre,<\/li>\n\n\n\n<li>saatli anahtar sistemi,<\/li>\n\n\n\n<li>patlay\u0131c\u0131 devre sistemi,<\/li>\n\n\n\n<li>zaman ayarl\u0131 patlay\u0131c\u0131 ve silah bulundu.<\/li>\n<\/ul>\n\n\n\n<p><strong>&#8220;HA\u0130NLERE ASLA G\u00d6Z A\u00c7TIRMAYACA\u011eIZ&#8221;<\/strong><\/p>\n\n\n\n<p>Operasyonlar\u0131 ger\u00e7ekle\u015ftiren EGM \u0130stihbarat Ba\u015fkanl\u0131\u011f\u0131m\u0131z, # Diyarbak\u0131r ve #Mardin \u0130l Emniyet M\u00fcd\u00fcrl\u00fcklerimiz, Havac\u0131l\u0131k Daire Ba\u015fkanl\u0131\u011f\u0131m\u0131z, Diyarbak\u0131r \u00d6zel Harekat, TEM ve Bomba \u0130mha \u015eube M\u00fcd\u00fcrl\u00fcklerimizdeki kahramanlar\u0131m\u0131z\u0131 tebrik ediyorum. B\u0130R NEBZE OLSUN \u0130NSANLIKTAN NAS\u0130B\u0130N\u0130 ALMAYAN HA\u0130NLERE ASLA ACIMAYACA\u011eIZ! TER\u00d6R SONA ERENE KADAR M\u00dcCADELEM\u0130Z DEVAM EDECEK!&#8221;<\/p>\n","protected":false},"excerpt":{"rendered":"<p>\u0130\u00e7i\u015fleri Bakan\u0131 Ali Yerlikaya, Diyarbak\u0131r&#8217;da bombal\u0131 ter\u00f6r eylemi haz\u0131rl\u0131\u011f\u0131ndaki 5 ter\u00f6ristin yakaland\u0131\u011f\u0131n\u0131 duyurdu. Nefes kesen operasyona&#46;&#46;&#46;<\/p>\n","protected":false},"author":2,"featured_media":9199,"comment_status":"open","ping_status":"open","sticky":false,"template":"","format":"standard","meta":{"inline_featured_image":false,"footnotes":""},"categories":[75],"tags":[184,2757,269,131,1189,107],"manset":[],"class_list":["post-9197","post","type-post","status-publish","format-standard","has-post-thumbnail","hentry","category-asayis-haberleri","tag-asayis","tag-bombali-teror-eylemi-hazirligindaki-5-terorist-yakalandi","tag-diyarbakir","tag-son-dakika","tag-terorist","tag-ub"],"_links":{"self":[{"href":"https:\/\/www.urfabugun.com\/index.php\/wp-json\/wp\/v2\/posts\/9197","targetHints":{"allow":["GET"]}}],"collection":[{"href":"https:\/\/www.urfabugun.com\/index.php\/wp-json\/wp\/v2\/posts"}],"about":[{"href":"https:\/\/www.urfabugun.com\/index.php\/wp-json\/wp\/v2\/types\/post"}],"author":[{"embeddable":true,"href":"https:\/\/www.urfabugun.com\/index.php\/wp-json\/wp\/v2\/users\/2"}],"replies":[{"embeddable":true,"href":"https:\/\/www.urfabugun.com\/index.php\/wp-json\/wp\/v2\/comments?post=9197"}],"version-history":[{"count":0,"href":"https:\/\/www.urfabugun.com\/index.php\/wp-json\/wp\/v2\/posts\/9197\/revisions"}],"wp:featuredmedia":[{"embeddable":true,"href":"https:\/\/www.urfabugun.com\/index.php\/wp-json\/wp\/v2\/media\/9199"}],"wp:attachment":[{"href":"https:\/\/www.urfabugun.com\/index.php\/wp-json\/wp\/v2\/media?parent=9197"}],"wp:term":[{"taxonomy":"category","embeddable":true,"href":"https:\/\/www.urfabugun.com\/index.php\/wp-json\/wp\/v2\/categories?post=9197"},{"taxonomy":"post_tag","embeddable":true,"href":"https:\/\/www.urfabugun.com\/index.php\/wp-json\/wp\/v2\/tags?post=9197"},{"taxonomy":"manset","embeddable":true,"href":"https:\/\/www.urfabugun.com\/index.php\/wp-json\/wp\/v2\/manset?post=9197"}],"curies":[{"name":"wp","href":"https:\/\/api.w.org\/{rel}","templated":true}]}}