{"id":9209,"date":"2023-09-09T10:25:32","date_gmt":"2023-09-09T07:25:32","guid":{"rendered":"https:\/\/www.urfabugun.com\/?p=9209"},"modified":"2023-09-09T10:25:38","modified_gmt":"2023-09-09T07:25:38","slug":"sanliurfada-felcli-hastaya-siddet-uygulayan-zanli-gozaltina-alindi","status":"publish","type":"post","link":"https:\/\/www.urfabugun.com\/index.php\/2023\/09\/09\/sanliurfada-felcli-hastaya-siddet-uygulayan-zanli-gozaltina-alindi\/","title":{"rendered":"\u015eanl\u0131urfa\u2019da Fel\u00e7li Hastaya \u015eiddet Uygulayan Zanl\u0131 G\u00f6zalt\u0131na Al\u0131nd\u0131!"},"content":{"rendered":"\n<p><\/p>\n\n\n\n<p><strong>\u015eanl\u0131urfa Valili\u011fi, Karak\u00f6pr\u00fc il\u00e7esinde bir vatanda\u015fa k\u00f6t\u00fc muamele edilmesiyle ilgili 1 ki\u015finin g\u00f6zalt\u0131na al\u0131nd\u0131\u011f\u0131n\u0131 bildirdi.<\/strong><\/p>\n\n\n\n<p>Valili\u011fin yaz\u0131l\u0131 a\u00e7\u0131klamas\u0131nda, baz\u0131 sosyal medya hesaplar\u0131nda bir vatanda\u015fa k\u00f6t\u00fc muamele edilmesiyle ilgili emniyet ekiplerinin \u00e7al\u0131\u015fma ba\u015flatt\u0131\u011f\u0131 ifade edilerek, \u015funlar kaydedildi:<\/p>\n\n\n\n<p>&#8220;Emniyet ekiplerimiz taraf\u0131ndan yap\u0131lan \u00e7al\u0131\u015fmalar sonucunda \u015f\u00fcpheli ki\u015fi belirlenerek yakalanm\u0131\u015f ve g\u00f6zalt\u0131na al\u0131n\u0131p hakk\u0131nda adli i\u015flem ba\u015flat\u0131lm\u0131\u015ft\u0131r. Ma\u011fdur olan vatanda\u015f\u0131m\u0131z Aile ve Sosyal Hizmetler \u0130l M\u00fcd\u00fcrl\u00fc\u011f\u00fcm\u00fcz taraf\u0131ndan s\u00fcrece m\u00fcdahil olunarak kurum bak\u0131m\u0131na al\u0131nm\u0131\u015ft\u0131r. Konu valili\u011fimiz taraf\u0131ndan titizlikle takip edilmektedir.&#8221;<\/p>\n","protected":false},"excerpt":{"rendered":"<p>\u015eanl\u0131urfa Valili\u011fi, Karak\u00f6pr\u00fc il\u00e7esinde bir vatanda\u015fa k\u00f6t\u00fc muamele edilmesiyle ilgili 1 ki\u015finin g\u00f6zalt\u0131na al\u0131nd\u0131\u011f\u0131n\u0131 bildirdi. Valili\u011fin&#46;&#46;&#46;<\/p>\n","protected":false},"author":2,"featured_media":9211,"comment_status":"open","ping_status":"open","sticky":false,"template":"","format":"standard","meta":{"inline_featured_image":false,"footnotes":""},"categories":[75],"tags":[184,118,2762,107],"manset":[],"class_list":["post-9209","post","type-post","status-publish","format-standard","has-post-thumbnail","hentry","category-asayis-haberleri","tag-asayis","tag-sanliurfa","tag-sanliurfada-felcli-hastaya-siddet-uygulayan-zanli-gozaltina-alindi","tag-ub"],"_links":{"self":[{"href":"https:\/\/www.urfabugun.com\/index.php\/wp-json\/wp\/v2\/posts\/9209","targetHints":{"allow":["GET"]}}],"collection":[{"href":"https:\/\/www.urfabugun.com\/index.php\/wp-json\/wp\/v2\/posts"}],"about":[{"href":"https:\/\/www.urfabugun.com\/index.php\/wp-json\/wp\/v2\/types\/post"}],"author":[{"embeddable":true,"href":"https:\/\/www.urfabugun.com\/index.php\/wp-json\/wp\/v2\/users\/2"}],"replies":[{"embeddable":true,"href":"https:\/\/www.urfabugun.com\/index.php\/wp-json\/wp\/v2\/comments?post=9209"}],"version-history":[{"count":0,"href":"https:\/\/www.urfabugun.com\/index.php\/wp-json\/wp\/v2\/posts\/9209\/revisions"}],"wp:featuredmedia":[{"embeddable":true,"href":"https:\/\/www.urfabugun.com\/index.php\/wp-json\/wp\/v2\/media\/9211"}],"wp:attachment":[{"href":"https:\/\/www.urfabugun.com\/index.php\/wp-json\/wp\/v2\/media?parent=9209"}],"wp:term":[{"taxonomy":"category","embeddable":true,"href":"https:\/\/www.urfabugun.com\/index.php\/wp-json\/wp\/v2\/categories?post=9209"},{"taxonomy":"post_tag","embeddable":true,"href":"https:\/\/www.urfabugun.com\/index.php\/wp-json\/wp\/v2\/tags?post=9209"},{"taxonomy":"manset","embeddable":true,"href":"https:\/\/www.urfabugun.com\/index.php\/wp-json\/wp\/v2\/manset?post=9209"}],"curies":[{"name":"wp","href":"https:\/\/api.w.org\/{rel}","templated":true}]}}