{"id":9217,"date":"2023-09-09T12:19:42","date_gmt":"2023-09-09T09:19:42","guid":{"rendered":"https:\/\/www.urfabugun.com\/?p=9217"},"modified":"2023-09-09T12:19:48","modified_gmt":"2023-09-09T09:19:48","slug":"depreme-ragmen-harran-universitesinde-doluluk-yuzde-98-oldu","status":"publish","type":"post","link":"https:\/\/www.urfabugun.com\/index.php\/2023\/09\/09\/depreme-ragmen-harran-universitesinde-doluluk-yuzde-98-oldu\/","title":{"rendered":"Depreme Ra\u011fmen Harran \u00dcniversitesinde Doluluk Y\u00fczde 98 Oldu!"},"content":{"rendered":"\n<p><\/p>\n\n\n\n<p><strong>\u015eanl\u0131urfa&#8217;daki Harran \u00dcniversitesinde (HR\u00dc) ise depreme ra\u011fmen doluluk yakla\u015f\u0131k y\u00fczde 98 oldu.<\/strong><\/p>\n\n\n\n<p>Rekt\u00f6r Prof. Dr. Mehmet Tahir G\u00fcll\u00fco\u011flu, tercih oranlar\u0131nda ge\u00e7en y\u0131la g\u00f6re art\u0131\u015f ya\u015fand\u0131\u011f\u0131n\u0131 belirtti.<\/p>\n\n\n\n<p>\u015eanl\u0131urfa&#8217;n\u0131n da depremden etkilenmesine kar\u015f\u0131n \u00f6\u011frencilerin Harran \u00dcniversitesini y\u00fcksek oranda tercih etti\u011fini dile getiren G\u00fcll\u00fco\u011flu, &#8220;\u00d6n lisans programlar\u0131m\u0131zda \u00fcniversitemize yerle\u015fme oran\u0131m\u0131z y\u00fczde 100, lisans b\u00f6l\u00fcmlerimizde ise y\u00fczde 95,6 olarak ger\u00e7ekle\u015fti. Lisans b\u00f6l\u00fcmlerimizde ge\u00e7en y\u0131la g\u00f6re y\u00fczde 2 art\u0131\u015f oldu. Bunun yan\u0131 s\u0131ra deprem kontenjan\u0131 sebebiyle normal kontenjan\u0131m\u0131z\u0131n \u00fczerinde bir \u00f6\u011frenci al\u0131m\u0131 ger\u00e7ekle\u015ftirdik.&#8221; dedi.<\/p>\n\n\n\n<p>Ge\u00e7en y\u0131l lisansta 2 bin 404 kontenjan\u0131n 2 bin 253&#8217;\u00fcn\u00fcn, \u00f6n lisansta ise 3 bin 166 kontenjan\u0131n tamam\u0131n\u0131n doldu\u011funu bildiren G\u00fcll\u00fco\u011flu, \u015f\u00f6yle konu\u015ftu:<\/p>\n\n\n\n<p>&#8220;Bu y\u0131l lisans b\u00f6l\u00fcmlerimizdeki 3 bin 272 kontenjan\u0131m\u0131za 3 bin 127 \u00f6\u011frencimiz yerle\u015fti. \u00d6n lisans programlar\u0131m\u0131zda ise 4 bin 118 kontenjan\u0131m\u0131z vard\u0131, adaylar\u0131m\u0131z kontenjan\u0131m\u0131z\u0131n tamam\u0131n\u0131 doldurdu. Y\u00fcksek\u00f6\u011fretim Kurulumuzca b\u00f6lgemizdeki \u00f6\u011frencilerimizin depremin etkisini g\u00f6sterdi\u011fi illerdeki \u00fcniversiteleri tercih etmeleri ad\u0131na deprem kontenjan\u0131 olu\u015fturulmu\u015ftu. Deprem kontenjan\u0131ndan lisans b\u00f6l\u00fcmlerimize 635 kontenjan ayr\u0131lm\u0131\u015ft\u0131, 592 aday\u0131m\u0131z \u00fcniversitemizi tercih etti. \u00d6n lisans programlar\u0131nda ise 790 kontenjan\u0131m\u0131z vard\u0131, kontenjan\u0131m\u0131z\u0131n tamam\u0131na yerle\u015fme ger\u00e7ekle\u015fti. Ayr\u0131ca \u00fcniversitemizde bu y\u0131l 5 yeni program\u0131m\u0131z\u0131 a\u00e7t\u0131k. Bu programlarda da y\u00fczde 100&#8217;l\u00fck dolulu\u011fa ula\u015ft\u0131k. Uluslararas\u0131 \u00f6\u011frenci olarak 3 bin 164 ba\u015fvuru oldu. 873 uluslararas\u0131 \u00f6\u011frenci kontenjan\u0131m\u0131z\u0131n 795&#8217;i \u00fcniversitemize yerle\u015fti.&#8221;<\/p>\n\n\n\n<p>\u00dcniversitenin b\u00fcy\u00fcmeye devam etti\u011fini kaydeden G\u00fcll\u00fco\u011flu, &#8220;Hem yabanc\u0131 uyruklu \u00f6\u011frencilerimiz hem de \u00fclkemizdeki \u00fcniversite s\u0131nav\u0131m\u0131z\u0131n sonu\u00e7lar\u0131na g\u00f6re h\u0131zl\u0131 b\u00fcy\u00fcyen ve olduk\u00e7a yo\u011fun tercih edilen bir \u00fcniversite haline gelmi\u015f bulunmaktay\u0131z. T\u00fcm \u00fcniversite y\u00f6netimi ve hocalar\u0131 olarak \u00fcniversitemizin ba\u015far\u0131 \u00e7\u0131tas\u0131n\u0131 daha y\u00fckse\u011fe ta\u015f\u0131mak i\u00e7in elimizden gelen t\u00fcm gayreti g\u00f6steriyoruz.&#8221; ifadelerini kulland\u0131.<\/p>\n","protected":false},"excerpt":{"rendered":"<p>\u015eanl\u0131urfa&#8217;daki Harran \u00dcniversitesinde (HR\u00dc) ise depreme ra\u011fmen doluluk yakla\u015f\u0131k y\u00fczde 98 oldu. Rekt\u00f6r Prof. Dr. Mehmet&#46;&#46;&#46;<\/p>\n","protected":false},"author":2,"featured_media":9219,"comment_status":"open","ping_status":"open","sticky":false,"template":"","format":"standard","meta":{"inline_featured_image":false,"footnotes":""},"categories":[79],"tags":[178,471,1742,131,107],"manset":[],"class_list":["post-9217","post","type-post","status-publish","format-standard","has-post-thumbnail","hentry","category-egitim-haberleri","tag-deprem","tag-hru","tag-mehmet-tahir-gulluoglu","tag-son-dakika","tag-ub"],"_links":{"self":[{"href":"https:\/\/www.urfabugun.com\/index.php\/wp-json\/wp\/v2\/posts\/9217","targetHints":{"allow":["GET"]}}],"collection":[{"href":"https:\/\/www.urfabugun.com\/index.php\/wp-json\/wp\/v2\/posts"}],"about":[{"href":"https:\/\/www.urfabugun.com\/index.php\/wp-json\/wp\/v2\/types\/post"}],"author":[{"embeddable":true,"href":"https:\/\/www.urfabugun.com\/index.php\/wp-json\/wp\/v2\/users\/2"}],"replies":[{"embeddable":true,"href":"https:\/\/www.urfabugun.com\/index.php\/wp-json\/wp\/v2\/comments?post=9217"}],"version-history":[{"count":0,"href":"https:\/\/www.urfabugun.com\/index.php\/wp-json\/wp\/v2\/posts\/9217\/revisions"}],"wp:featuredmedia":[{"embeddable":true,"href":"https:\/\/www.urfabugun.com\/index.php\/wp-json\/wp\/v2\/media\/9219"}],"wp:attachment":[{"href":"https:\/\/www.urfabugun.com\/index.php\/wp-json\/wp\/v2\/media?parent=9217"}],"wp:term":[{"taxonomy":"category","embeddable":true,"href":"https:\/\/www.urfabugun.com\/index.php\/wp-json\/wp\/v2\/categories?post=9217"},{"taxonomy":"post_tag","embeddable":true,"href":"https:\/\/www.urfabugun.com\/index.php\/wp-json\/wp\/v2\/tags?post=9217"},{"taxonomy":"manset","embeddable":true,"href":"https:\/\/www.urfabugun.com\/index.php\/wp-json\/wp\/v2\/manset?post=9217"}],"curies":[{"name":"wp","href":"https:\/\/api.w.org\/{rel}","templated":true}]}}