{"id":9221,"date":"2023-09-09T19:00:24","date_gmt":"2023-09-09T16:00:24","guid":{"rendered":"https:\/\/www.urfabugun.com\/?p=9221"},"modified":"2023-09-09T19:00:30","modified_gmt":"2023-09-09T16:00:30","slug":"fenerbahce-stadyumunun-ismini-degistirdi","status":"publish","type":"post","link":"https:\/\/www.urfabugun.com\/index.php\/2023\/09\/09\/fenerbahce-stadyumunun-ismini-degistirdi\/","title":{"rendered":"Fenerbah\u00e7e Stadyumunun \u0130smini De\u011fi\u015ftirdi!"},"content":{"rendered":"\n<p><\/p>\n\n\n\n<p><strong>Fenerbah\u00e7e Kul\u00fcb\u00fc&#8217;n\u00fcn t\u00fcz\u00fck tadil kongresinde, \u00dclker Stadyumu \u015e\u00fckr\u00fc Saraco\u011flu Spor Kompleksi isminin &#8220;Atat\u00fcrk&#8221; olarak de\u011fi\u015ftirilmesi konusunda y\u00f6netime yetki verildi.<\/strong><\/p>\n\n\n\n<p>\u00dclker Spor ve Etkinlik Salonu&#8217;nda ger\u00e7ekle\u015ftirilen kul\u00fcp t\u00fcz\u00fck tadil kongresinde, kimi maddeler konusundaki t\u00fcz\u00fck de\u011fi\u015fikliklerinden sonra stat isminin de\u011fi\u015fmesiyle ilgili oylama b\u00f6l\u00fcm\u00fcne ge\u00e7ildi.<\/p>\n\n\n\n<p>Oylamaya ge\u00e7ilmeden \u00f6nce bir konu\u015fma yapan Ba\u015fkan Ali Ko\u00e7, baz\u0131 \u00fcyelerin, kul\u00fcp tesislerinin siyasi partiler taraf\u0131ndan kullan\u0131lmas\u0131 konusunda endi\u015feleri oldu\u011funu g\u00f6rd\u00fc\u011f\u00fcn\u00fc belirterek, &#8220;3. madde onlar\u0131 kesmiyor ne yaz\u0131k ki. Bize g\u00f6re hi\u00e7bir \u015fekilde s\u0131k\u0131nt\u0131 yok. Ba\u015fkanl\u0131\u011f\u0131m\u0131zda, tesisimizi siyasi partilerin kiralama istedi\u011fi olmu\u015ftur ama hi\u00e7birine m\u00fcsaade edilmemi\u015ftir t\u00fcz\u00fc\u011f\u00fcm\u00fcze dayanarak. Arkada\u015flar\u0131m\u0131z maddeyi al\u0131p ba\u015fka yere koymu\u015ftur ama anlatam\u0131yoruz. \u00c7ok istendi\u011fi taktirde \u00f6zel madde olarak eski madde geri konabilir&#8221; dedi.<\/p>\n\n\n\n<p>Y\u00fcksek kat\u0131l\u0131ml\u0131 bir kongre ger\u00e7ekle\u015fti\u011fini ve saat 15.30 itibar\u0131yla kongreye kat\u0131lan \u00fcye say\u0131s\u0131n\u0131n 8 bin 500&#8217;\u00fc ge\u00e7ti\u011fini aktaran Ko\u00e7, \u00fcyelere te\u015fekk\u00fcr ederek, &#8220;Bug\u00fcn Fenerbah\u00e7e Spor Kul\u00fcb\u00fc, yani bizler bir kez daha herkese \u00f6rnek olmu\u015f camian\u0131n, kul\u00fcb\u00fcn\u00fc nas\u0131l sahiplendi\u011fini, \u00f6nemsedi\u011fini en anlaml\u0131 \u015fekilde bir kez daha g\u00f6stererek fark\u0131m\u0131z\u0131 ortaya koymu\u015ftur. Rakamlar her \u015feyi anlat\u0131yor. \u0130n\u015fallah bu sahiplenmeyi sezon i\u00e7inde trib\u00fcnlerde salonlarda da devam ettirebiliriz&#8221; diye konu\u015ftu.<\/p>\n\n\n\n<p><strong>&#8220;\u0130LK YAPTI\u011eIMIZ \u0130\u015eLERDEN B\u0130R\u0130 SARACO\u011eLU A\u0130LES\u0130YLE G\u00d6R\u00dc\u015eMEK OLDU&#8221;<\/strong><\/p>\n\n\n\n<p>Stad\u0131n &#8220;Atat\u00fcrk&#8221; ismini ta\u015f\u0131mas\u0131 konusunda gelen talepler do\u011frultusunda harekete ge\u00e7tiklerini ve bu kongrede, &#8220;\u015e\u00fckr\u00fc Sara\u00e7o\u011flu ismi ne olacak&#8221; \u015feklinde endi\u015felerin dillendirildi\u011fini aktaran Ko\u00e7, Sara\u00e7o\u011flu ailesiyle g\u00f6r\u00fc\u015f\u00fcp onay ald\u0131klar\u0131n\u0131, \u015fu s\u00f6zlerle anlatt\u0131:<\/p>\n\n\n\n<p>&#8220;Tabii ki biz bu s\u00fcreci y\u00f6netirken ilk yapt\u0131\u011f\u0131m\u0131z i\u015flerden biri Saraco\u011flu ailesiyle g\u00f6r\u00fc\u015fmek oldu. Biz ziyaret edecektik, ne kadar nazik, ne kadar sayg\u0131n bir aile olduklar\u0131n\u0131 bir kez daha g\u00f6sterdiler, &#8216;Siz de\u011fil, biz size gelece\u011fiz&#8217; dediler. Ve sa\u011f olsunlar onlar kul\u00fcb\u00fcm\u00fcze geldiler. Niye geldiklerini biliyorlard\u0131. Bir t\u00fcrl\u00fc konuya giremedik ama. Tarihten, y\u0131llardan, aileden, T\u00fcrkiye&#8217;mizden bahsettik, bir t\u00fcrl\u00fc konuya giremedik. 1 saat ge\u00e7ti, &#8216;Esas konumuza gelelim&#8217; dedim. &#8216;O konuya girmemize gerek yok, l\u00fctfen gerekeni yap\u0131n&#8217; dedi aile. Bir anl\u0131k yanl\u0131\u015f anlamaya mahal b\u0131rakmamak i\u00e7in bir kez daha konuyu a\u00e7mak istedik ancak Y\u0131lmaz bey, hafif tatl\u0131 sert tepkisiyle, &#8216;Biz ayr\u0131l\u0131yoruz, l\u00fctfen gerekin yap\u0131n&#8217; dedi ve konuyu a\u00e7t\u0131rmad\u0131 bile.&#8221;<\/p>\n\n\n\n<p>&#8220;Bizim y\u00f6netimimizde \u015funu garanti edebilirim; Saraco\u011flu ismi Fenerbah\u00e7e d\u00fcnyas\u0131nda bir yerde kesinlikle ya\u015fat\u0131lacakt\u0131r&#8221; diyen Ko\u00e7, s\u00f6zlerini \u015f\u00f6yle s\u00fcrd\u00fcrd\u00fc:<\/p>\n\n\n\n<p>&#8220;Bundan zerre kadar \u015f\u00fcphenizin olmamas\u0131n\u0131 rica ederim. Ayr\u0131ca b\u00fcy\u00fck Fenerbah\u00e7eli Murat \u00dclker&#8217;i de ziyaret ettik. Konuya s\u0131cak bakt\u0131\u011f\u0131 i\u00e7in ona da te\u015fekk\u00fcr ederim. Sonra muhtelif g\u00f6r\u00fc\u015fler oldu; stad\u0131m\u0131za nas\u0131l sponsor gelecek vesaire&#8230;\u0130\u00e7iniz rahat olsun. Biz her \u015feyi en detayl\u0131 \u015fekilde d\u00fc\u015f\u00fcnd\u00fck ve T\u00fcrkiye Cumhuriyeti&#8217;nin 100. y\u0131l\u0131nda Ata&#8217;s\u0131na s\u0131k\u0131 s\u0131k\u0131 ba\u011fl\u0131 olan Fenerbah\u00e7e&#8217;nin, Ata&#8217;s\u0131na sempatisini ve \u00f6vg\u00fclerini kazanm\u0131\u015f, hak etmi\u015f Fenerbah\u00e7e Spor Kul\u00fcb\u00fcn\u00fcn mabedinin ad\u0131n\u0131n Atat\u00fcrk ismini ta\u015f\u0131mas\u0131n\u0131n \u00e7ok uygun olaca\u011f\u0131n\u0131 d\u00fc\u015f\u00fcnerek sizlerin onay\u0131n\u0131za getirdik.&#8221;<\/p>\n\n\n\n<p>Bu s\u00f6zler salonda bulunan \u00fcyeler taraf\u0131ndan ayakta alk\u0131\u015fland\u0131 ve &#8220;Mustafa Kemal&#8217;in askerleriyiz&#8221; slogan\u0131 at\u0131ld\u0131<\/p>\n\n\n\n<p><strong>&#8220;ONAY ALDI\u011eIMIZ TAKT\u0130RDE GEREKL\u0130 YASAL S\u00dcRE\u00c7LER BA\u015eLATILACAK&#8221;<\/strong><\/p>\n\n\n\n<p>Ali Ko\u00e7, stat, salon, tesislerin adlar\u0131 ne olursa olsun Atat\u00fcrk&#8217;\u00fcn \u0131\u015f\u0131\u011f\u0131nda bu camian\u0131n her zaman y\u00fcr\u00fcyece\u011fini de belirterek, &#8220;Bu konuda zerre kadar \u015f\u00fcphemiz yoktur. Onay ald\u0131\u011f\u0131m\u0131z taktirde gerekli yasal s\u00fcre\u00e7ler ba\u015flat\u0131lacak. Ve devletimizin, gereken onay s\u00fcreci i\u00e7in kap\u0131s\u0131n\u0131 \u00e7alaca\u011f\u0131z. Onlar\u0131n da bizi anlay\u0131\u015f\u0131yla kar\u015f\u0131layaca\u011f\u0131ndan zerre kadar \u015f\u00fcphem yok, in\u015fallah yan\u0131lm\u0131yorumdur. B\u00fcy\u00fck kul\u00fcplerinden birinin stad\u0131n\u0131n ismi Atat\u00fcrk olacaksa bu da en \u00e7ok bize yak\u0131\u015f\u0131r&#8221; s\u00f6zlerini kulland\u0131.<\/p>\n\n\n\n<p>Omuz omuza olmaya en ihtiya\u00e7 duyduklar\u0131 zamanlardan ge\u00e7tiklerini de aktaran Ali Ko\u00e7, buradaki bulu\u015fman\u0131n kendilerine cesaret verdi\u011fini dile getirdi.<\/p>\n\n\n\n<p>Konu\u015fma yapan Y\u00fcksek Divan Kurulu Ba\u015fkan\u0131 U\u011fur D\u00fcndar ve baz\u0131 \u00fcyeler de, stat isminin &#8220;Atat\u00fcrk&#8221; olarak de\u011fi\u015ftirilmesinin isabetli olaca\u011f\u0131n\u0131 s\u00f6yledi.<\/p>\n\n\n\n<p><strong>Y\u00d6NET\u0130ME YETK\u0130 VER\u0130LD\u0130<\/strong><\/p>\n\n\n\n<p>Daha sonra stat ismiyle ilgili oylamaya ge\u00e7ildi. Vefa K\u00fc\u00e7\u00fck&#8217;\u00fcn uyar\u0131s\u0131yla aya\u011fa kalkan \u00fcyeler, &#8220;Stat isminin de\u011fi\u015ftirilmesi konusunda onay veriyor musunuz?&#8221; sorusuna kar\u015f\u0131l\u0131k el kald\u0131rd\u0131.<\/p>\n\n\n\n<p>B\u00fct\u00fcn \u00fcyelerin el kald\u0131rmas\u0131 sonucu, \u00dclker Stadyumu \u015e\u00fckr\u00fc Saraco\u011flu Spor Kompleksi isminin, &#8220;Atat\u00fcrk&#8221; olarak de\u011fi\u015ftirilmesi konusunda, y\u00f6netime oy birli\u011fiyle yetki verilmi\u015f oldu.<\/p>\n","protected":false},"excerpt":{"rendered":"<p>Fenerbah\u00e7e Kul\u00fcb\u00fc&#8217;n\u00fcn t\u00fcz\u00fck tadil kongresinde, \u00dclker Stadyumu \u015e\u00fckr\u00fc Saraco\u011flu Spor Kompleksi isminin &#8220;Atat\u00fcrk&#8221; olarak de\u011fi\u015ftirilmesi konusunda&#46;&#46;&#46;<\/p>\n","protected":false},"author":2,"featured_media":9223,"comment_status":"open","ping_status":"open","sticky":false,"template":"","format":"standard","meta":{"inline_featured_image":false,"footnotes":""},"categories":[88],"tags":[661,2764,131,107],"manset":[],"class_list":["post-9221","post","type-post","status-publish","format-standard","has-post-thumbnail","hentry","category-spor-haberleri","tag-fenerbahce","tag-fenerbahce-stadyumunun-ismini-degistirdi","tag-son-dakika","tag-ub"],"_links":{"self":[{"href":"https:\/\/www.urfabugun.com\/index.php\/wp-json\/wp\/v2\/posts\/9221","targetHints":{"allow":["GET"]}}],"collection":[{"href":"https:\/\/www.urfabugun.com\/index.php\/wp-json\/wp\/v2\/posts"}],"about":[{"href":"https:\/\/www.urfabugun.com\/index.php\/wp-json\/wp\/v2\/types\/post"}],"author":[{"embeddable":true,"href":"https:\/\/www.urfabugun.com\/index.php\/wp-json\/wp\/v2\/users\/2"}],"replies":[{"embeddable":true,"href":"https:\/\/www.urfabugun.com\/index.php\/wp-json\/wp\/v2\/comments?post=9221"}],"version-history":[{"count":0,"href":"https:\/\/www.urfabugun.com\/index.php\/wp-json\/wp\/v2\/posts\/9221\/revisions"}],"wp:featuredmedia":[{"embeddable":true,"href":"https:\/\/www.urfabugun.com\/index.php\/wp-json\/wp\/v2\/media\/9223"}],"wp:attachment":[{"href":"https:\/\/www.urfabugun.com\/index.php\/wp-json\/wp\/v2\/media?parent=9221"}],"wp:term":[{"taxonomy":"category","embeddable":true,"href":"https:\/\/www.urfabugun.com\/index.php\/wp-json\/wp\/v2\/categories?post=9221"},{"taxonomy":"post_tag","embeddable":true,"href":"https:\/\/www.urfabugun.com\/index.php\/wp-json\/wp\/v2\/tags?post=9221"},{"taxonomy":"manset","embeddable":true,"href":"https:\/\/www.urfabugun.com\/index.php\/wp-json\/wp\/v2\/manset?post=9221"}],"curies":[{"name":"wp","href":"https:\/\/api.w.org\/{rel}","templated":true}]}}