{"id":9252,"date":"2023-09-11T11:56:34","date_gmt":"2023-09-11T08:56:34","guid":{"rendered":"https:\/\/www.urfabugun.com\/?p=9252"},"modified":"2023-09-11T11:56:40","modified_gmt":"2023-09-11T08:56:40","slug":"urfa-kalesi-kapilarini-yeniden-aciyor","status":"publish","type":"post","link":"https:\/\/www.urfabugun.com\/index.php\/2023\/09\/11\/urfa-kalesi-kapilarini-yeniden-aciyor\/","title":{"rendered":"Urfa Kalesi Kap\u0131lar\u0131n\u0131 Yeniden A\u00e7\u0131yor!"},"content":{"rendered":"\n<p><\/p>\n\n\n\n<p><strong>\u015eanl\u0131urfa Valisi Hasan \u015e\u0131ldak, yenileme ve kaz\u0131 \u00e7al\u0131\u015fmalar\u0131 devam eden \u015eanl\u0131urfa Kalesi\u2019nde incelemelerde bulundu.<\/strong><\/p>\n\n\n\n<p>\u015eanl\u0131urfa\u2019n\u0131n Eyy\u00fcbiye il\u00e7esindeki Bal\u0131kl\u0131g\u00f6l havzas\u0131nda yer alan ve yakla\u015f\u0131k 3 bin y\u0131ll\u0131k ge\u00e7mi\u015fe sahip \u015eanl\u0131urfa Kalesinde devam eden \u00e7al\u0131\u015fmalar hakk\u0131nda Kaz\u0131 Ba\u015fkan\u0131 Prof. Dr. G\u00fclriz Kozbe\u2019den bilgi alan Vali \u015e\u0131ldak, kalenin bir\u00e7ok medeniyet taraf\u0131ndan idari merkez olarak kullan\u0131ld\u0131\u011f\u0131n\u0131, kalenin d\u00f6nemleri s\u0131ras\u0131nda konum olarak t\u00fcm \u015eanl\u0131urfa\u2019y\u0131 ku\u015f bak\u0131\u015f\u0131 g\u00f6ren yeriyle stratejik \u00f6nemde oldu\u011funu &nbsp;kaydetti.<\/p>\n\n\n\n<p>\u0130ncelemelerinin ard\u0131ndan a\u00e7\u0131klamalarda bulunan Vali \u015e\u0131ldak, \u201cKalenin b\u00fcy\u00fcleyici atmosferi asl\u0131nda kaz\u0131 \u00e7al\u0131\u015fmalar\u0131n\u0131n ne kadar k\u0131ymetli ve \u00f6nemli oldu\u011funu g\u00f6steriyor.<\/p>\n\n\n\n<figure class=\"wp-block-image size-large\"><img loading=\"lazy\" decoding=\"async\" width=\"1024\" height=\"682\" src=\"https:\/\/www.urfabugun.com\/wp-content\/uploads\/2023\/09\/5b2bccee-ce66-4af4-b288-b013bb8b55d5-1024x682.jpg\" alt=\"\" class=\"wp-image-9255\"\/><\/figure>\n\n\n\n<p>Biz burada \u00e7evrede yap\u0131lan \u00e7al\u0131\u015fmalar\u0131 da g\u00f6rd\u00fck. B\u00fcy\u00fck\u015fehir Belediyemizin de kalenin hemen yama\u00e7lar\u0131nda, hem \u015fehir taraf\u0131nda hem de di\u011fer istikamette devam ettirdi\u011fi ve biten \u00e7al\u0131\u015fmalar\u0131 var. \u00c7evre d\u00fczenlemesi ve rekreasyon alanlar\u0131 \u015fehre g\u00fczellik katm\u0131\u015f. Burada \u015funu yapmak istiyoruz; Valilik deste\u011fini de art\u0131rarak, burada yapaca\u011f\u0131m\u0131z koordinasyonla ilgili t\u00fcm kurumlar\u0131m\u0131z\u0131, yerelde kale kaz\u0131s\u0131na daha b\u00fcy\u00fck destekler sa\u011flamalar\u0131 i\u00e7in y\u00f6nlendirece\u011fiz.<\/p>\n\n\n\n<p>Biz de Valilik olarak b\u00fct\u00e7e ay\u0131raca\u011f\u0131z, i\u015f\u00e7i deste\u011fi sa\u011flayaca\u011f\u0131z. Hocam\u0131z\u0131n verdi\u011fi bilgilendirmelerle \u00e7al\u0131\u015fmalar\u0131n bir an \u00f6nce h\u0131z kazanmas\u0131, ilimizin turizmine katk\u0131 sa\u011flamas\u0131 noktas\u0131nda gayret g\u00f6sterece\u011fiz. Kalemiz 5 y\u0131ld\u0131r ziyarete kapal\u0131.<\/p>\n\n\n\n<p>Kalemizi k\u0131sa s\u00fcre i\u00e7erisinde ziyarete a\u00e7\u0131p, i\u00e7erideki tedbirleri de alarak yine hocam\u0131z\u0131n y\u00f6nlendirmesiyle vatanda\u015flar\u0131m\u0131z\u0131n ziyaretine a\u00e7aca\u011f\u0131z.\u201d dedi.<\/p>\n\n\n\n<p>Kale gezisinde Vali Hasan \u015e\u0131ldak\u2019a \u0130l K\u00fclt\u00fcr ve Turizm M\u00fcd\u00fcr\u00fc Ayd\u0131n Aslan e\u015flik etti.<\/p>\n","protected":false},"excerpt":{"rendered":"<p>\u015eanl\u0131urfa Valisi Hasan \u015e\u0131ldak, yenileme ve kaz\u0131 \u00e7al\u0131\u015fmalar\u0131 devam eden \u015eanl\u0131urfa Kalesi\u2019nde incelemelerde bulundu. \u015eanl\u0131urfa\u2019n\u0131n Eyy\u00fcbiye&#46;&#46;&#46;<\/p>\n","protected":false},"author":2,"featured_media":9254,"comment_status":"open","ping_status":"open","sticky":false,"template":"","format":"standard","meta":{"inline_featured_image":false,"footnotes":""},"categories":[82],"tags":[118,131,107,2775],"manset":[],"class_list":["post-9252","post","type-post","status-publish","format-standard","has-post-thumbnail","hentry","category-gundem-haberleri","tag-sanliurfa","tag-son-dakika","tag-ub","tag-urfa-kalesi-kapilarini-yeniden-aciyor"],"_links":{"self":[{"href":"https:\/\/www.urfabugun.com\/index.php\/wp-json\/wp\/v2\/posts\/9252","targetHints":{"allow":["GET"]}}],"collection":[{"href":"https:\/\/www.urfabugun.com\/index.php\/wp-json\/wp\/v2\/posts"}],"about":[{"href":"https:\/\/www.urfabugun.com\/index.php\/wp-json\/wp\/v2\/types\/post"}],"author":[{"embeddable":true,"href":"https:\/\/www.urfabugun.com\/index.php\/wp-json\/wp\/v2\/users\/2"}],"replies":[{"embeddable":true,"href":"https:\/\/www.urfabugun.com\/index.php\/wp-json\/wp\/v2\/comments?post=9252"}],"version-history":[{"count":0,"href":"https:\/\/www.urfabugun.com\/index.php\/wp-json\/wp\/v2\/posts\/9252\/revisions"}],"wp:featuredmedia":[{"embeddable":true,"href":"https:\/\/www.urfabugun.com\/index.php\/wp-json\/wp\/v2\/media\/9254"}],"wp:attachment":[{"href":"https:\/\/www.urfabugun.com\/index.php\/wp-json\/wp\/v2\/media?parent=9252"}],"wp:term":[{"taxonomy":"category","embeddable":true,"href":"https:\/\/www.urfabugun.com\/index.php\/wp-json\/wp\/v2\/categories?post=9252"},{"taxonomy":"post_tag","embeddable":true,"href":"https:\/\/www.urfabugun.com\/index.php\/wp-json\/wp\/v2\/tags?post=9252"},{"taxonomy":"manset","embeddable":true,"href":"https:\/\/www.urfabugun.com\/index.php\/wp-json\/wp\/v2\/manset?post=9252"}],"curies":[{"name":"wp","href":"https:\/\/api.w.org\/{rel}","templated":true}]}}