{"id":9257,"date":"2023-09-11T12:07:26","date_gmt":"2023-09-11T09:07:26","guid":{"rendered":"https:\/\/www.urfabugun.com\/?p=9257"},"modified":"2023-09-11T12:07:32","modified_gmt":"2023-09-11T09:07:32","slug":"temmuz-ayi-issizlik-rakamlari-aciklandi","status":"publish","type":"post","link":"https:\/\/www.urfabugun.com\/index.php\/2023\/09\/11\/temmuz-ayi-issizlik-rakamlari-aciklandi\/","title":{"rendered":"Temmuz Ay\u0131 \u0130\u015fsizlik Rakamlar\u0131 A\u00e7\u0131kland\u0131!"},"content":{"rendered":"\n<p><\/p>\n\n\n\n<p><strong>T\u00dc\u0130K verilerine g\u00f6re, i\u015fsizlik temmuz ay\u0131nda y\u00fczde 9,4 olarak ger\u00e7ekle\u015fti. \u00dclke genelinde i\u015fsiz say\u0131s\u0131 3 milyon 291 oldu.<\/strong><\/p>\n\n\n\n<p>T\u00fcrkiye \u0130statistik Kurumu (T\u00dc\u0130K), temmuz ay\u0131na ili\u015fkin i\u015f g\u00fcc\u00fc istatistiklerini a\u00e7\u0131klad\u0131.<\/p>\n\n\n\n<p>Buna g\u00f6re 15 ve daha yukar\u0131 ya\u015ftaki ki\u015filerde i\u015fsiz say\u0131s\u0131 temmuzda bir \u00f6nceki aya g\u00f6re 38 bin ki\u015fi azalarak 3 milyon 291 bin ki\u015fi oldu. \u0130\u015fsizlik oran\u0131 ise 0,2 puan d\u00fc\u015f\u00fc\u015fle y\u00fczde 9,4 seviyesinde ger\u00e7ekle\u015fti.<\/p>\n\n\n\n<p>\u0130\u015fsizlik oran\u0131 erkeklerde y\u00fczde 7,6 iken, kad\u0131nlarda y\u00fczde 12,9 olarak tahmin edildi.<\/p>\n\n\n\n<p>Temmuzda 15-24 ya\u015f grubunu kapsayan gen\u00e7 n\u00fcfusta i\u015fsizlik oran\u0131 bir \u00f6nceki aya g\u00f6re 0,3 puanl\u0131k azal\u0131\u015fla y\u00fczde 18 oldu. Bu ya\u015f grubunda i\u015fsizlik oran\u0131n\u0131n erkeklerde y\u00fczde 15,2, kad\u0131nlarda ise y\u00fczde 23,1 oldu\u011fu \u00f6ng\u00f6r\u00fcld\u00fc.<\/p>\n","protected":false},"excerpt":{"rendered":"<p>T\u00dc\u0130K verilerine g\u00f6re, i\u015fsizlik temmuz ay\u0131nda y\u00fczde 9,4 olarak ger\u00e7ekle\u015fti. \u00dclke genelinde i\u015fsiz say\u0131s\u0131 3 milyon&#46;&#46;&#46;<\/p>\n","protected":false},"author":2,"featured_media":9259,"comment_status":"open","ping_status":"open","sticky":false,"template":"","format":"standard","meta":{"inline_featured_image":false,"footnotes":""},"categories":[80],"tags":[131,2776,359,107,608],"manset":[],"class_list":["post-9257","post","type-post","status-publish","format-standard","has-post-thumbnail","hentry","category-ekonomi-haberleri","tag-son-dakika","tag-temmuz-ayi-issizlik-rakamlari-aciklandi","tag-tuik","tag-ub","tag-urfa-bugun"],"_links":{"self":[{"href":"https:\/\/www.urfabugun.com\/index.php\/wp-json\/wp\/v2\/posts\/9257","targetHints":{"allow":["GET"]}}],"collection":[{"href":"https:\/\/www.urfabugun.com\/index.php\/wp-json\/wp\/v2\/posts"}],"about":[{"href":"https:\/\/www.urfabugun.com\/index.php\/wp-json\/wp\/v2\/types\/post"}],"author":[{"embeddable":true,"href":"https:\/\/www.urfabugun.com\/index.php\/wp-json\/wp\/v2\/users\/2"}],"replies":[{"embeddable":true,"href":"https:\/\/www.urfabugun.com\/index.php\/wp-json\/wp\/v2\/comments?post=9257"}],"version-history":[{"count":0,"href":"https:\/\/www.urfabugun.com\/index.php\/wp-json\/wp\/v2\/posts\/9257\/revisions"}],"wp:featuredmedia":[{"embeddable":true,"href":"https:\/\/www.urfabugun.com\/index.php\/wp-json\/wp\/v2\/media\/9259"}],"wp:attachment":[{"href":"https:\/\/www.urfabugun.com\/index.php\/wp-json\/wp\/v2\/media?parent=9257"}],"wp:term":[{"taxonomy":"category","embeddable":true,"href":"https:\/\/www.urfabugun.com\/index.php\/wp-json\/wp\/v2\/categories?post=9257"},{"taxonomy":"post_tag","embeddable":true,"href":"https:\/\/www.urfabugun.com\/index.php\/wp-json\/wp\/v2\/tags?post=9257"},{"taxonomy":"manset","embeddable":true,"href":"https:\/\/www.urfabugun.com\/index.php\/wp-json\/wp\/v2\/manset?post=9257"}],"curies":[{"name":"wp","href":"https:\/\/api.w.org\/{rel}","templated":true}]}}