{"id":9276,"date":"2023-09-11T19:38:00","date_gmt":"2023-09-11T16:38:00","guid":{"rendered":"https:\/\/www.urfabugun.com\/?p=9276"},"modified":"2023-09-11T19:38:06","modified_gmt":"2023-09-11T16:38:06","slug":"siverekte-otomobille-kamyonetin-carpismasi-sonucu-9-kisi-yaralandi","status":"publish","type":"post","link":"https:\/\/www.urfabugun.com\/index.php\/2023\/09\/11\/siverekte-otomobille-kamyonetin-carpismasi-sonucu-9-kisi-yaralandi\/","title":{"rendered":"Siverek\u2019te Otomobille Kamyonetin \u00c7arp\u0131\u015fmas\u0131 Sonucu 9 Ki\u015fi Yaraland\u0131!"},"content":{"rendered":"\n<p><\/p>\n\n\n\n<p><strong>\u015eanl\u0131urfa&#8217;n\u0131n Siverek il\u00e7esinde otomobille kamyonetin \u00e7arp\u0131\u015fmas\u0131 sonucu 1&#8217;i a\u011f\u0131r 9 ki\u015fi yaraland\u0131.<\/strong><\/p>\n\n\n\n<p>Mahmut G. (43) idaresindeki 61 AK 589 plakal\u0131 otomobil, Siverek-Bakma\u00e7 yolu 19. kilometresinde Hakan K. (19) y\u00f6netimindeki 63 N 3597 plakal\u0131 kamyonetle \u00e7arp\u0131\u015ft\u0131.<\/p>\n\n\n\n<p>\u0130hbar \u00fczerine b\u00f6lgeye \u00e7ok say\u0131da sa\u011fl\u0131k ve jandarma ekibi sevk edildi.<\/p>\n\n\n\n<p>Kazada s\u00fcr\u00fcc\u00fclerle ara\u00e7lardaki Bilal G. (45), Ay\u015fe G. (12), Beyaz G. (6), M\u00fcrvet G. (8), Fatma D. (39), Muhammet Cuma C. (18) ve Harun K. (33) yaraland\u0131.<\/p>\n\n\n\n<p>Yaral\u0131lar, 112 Acil Servis ekiplerince Siverek Devlet Hastanesine kald\u0131r\u0131ld\u0131.<\/p>\n\n\n\n<p>Hayati tehlikesi bulunan M\u00fcrvet G, \u015eanl\u0131urfa&#8217;ya sevk edildi.<\/p>\n","protected":false},"excerpt":{"rendered":"<p>\u015eanl\u0131urfa&#8217;n\u0131n Siverek il\u00e7esinde otomobille kamyonetin \u00e7arp\u0131\u015fmas\u0131 sonucu 1&#8217;i a\u011f\u0131r 9 ki\u015fi yaraland\u0131. Mahmut G. (43) idaresindeki&#46;&#46;&#46;<\/p>\n","protected":false},"author":2,"featured_media":9278,"comment_status":"open","ping_status":"open","sticky":false,"template":"","format":"standard","meta":{"inline_featured_image":false,"footnotes":""},"categories":[75],"tags":[184,2785,118,2784,131,107],"manset":[],"class_list":["post-9276","post","type-post","status-publish","format-standard","has-post-thumbnail","hentry","category-asayis-haberleri","tag-asayis","tag-otomobil-kamyonet-carpisti","tag-sanliurfa","tag-siverek-kaza","tag-son-dakika","tag-ub"],"_links":{"self":[{"href":"https:\/\/www.urfabugun.com\/index.php\/wp-json\/wp\/v2\/posts\/9276","targetHints":{"allow":["GET"]}}],"collection":[{"href":"https:\/\/www.urfabugun.com\/index.php\/wp-json\/wp\/v2\/posts"}],"about":[{"href":"https:\/\/www.urfabugun.com\/index.php\/wp-json\/wp\/v2\/types\/post"}],"author":[{"embeddable":true,"href":"https:\/\/www.urfabugun.com\/index.php\/wp-json\/wp\/v2\/users\/2"}],"replies":[{"embeddable":true,"href":"https:\/\/www.urfabugun.com\/index.php\/wp-json\/wp\/v2\/comments?post=9276"}],"version-history":[{"count":0,"href":"https:\/\/www.urfabugun.com\/index.php\/wp-json\/wp\/v2\/posts\/9276\/revisions"}],"wp:featuredmedia":[{"embeddable":true,"href":"https:\/\/www.urfabugun.com\/index.php\/wp-json\/wp\/v2\/media\/9278"}],"wp:attachment":[{"href":"https:\/\/www.urfabugun.com\/index.php\/wp-json\/wp\/v2\/media?parent=9276"}],"wp:term":[{"taxonomy":"category","embeddable":true,"href":"https:\/\/www.urfabugun.com\/index.php\/wp-json\/wp\/v2\/categories?post=9276"},{"taxonomy":"post_tag","embeddable":true,"href":"https:\/\/www.urfabugun.com\/index.php\/wp-json\/wp\/v2\/tags?post=9276"},{"taxonomy":"manset","embeddable":true,"href":"https:\/\/www.urfabugun.com\/index.php\/wp-json\/wp\/v2\/manset?post=9276"}],"curies":[{"name":"wp","href":"https:\/\/api.w.org\/{rel}","templated":true}]}}