{"id":9308,"date":"2023-09-13T10:15:30","date_gmt":"2023-09-13T07:15:30","guid":{"rendered":"https:\/\/www.urfabugun.com\/?p=9308"},"modified":"2023-09-13T10:15:36","modified_gmt":"2023-09-13T07:15:36","slug":"2024-yili-hac-on-kayitlari-basladi","status":"publish","type":"post","link":"https:\/\/www.urfabugun.com\/index.php\/2023\/09\/13\/2024-yili-hac-on-kayitlari-basladi\/","title":{"rendered":"2024 Y\u0131l\u0131 Hac \u00d6n Kay\u0131tlar\u0131 Ba\u015flad\u0131!"},"content":{"rendered":"\n<p><strong>Hac ibadetlerini yerine getirmek i\u00e7in bu y\u0131l ilk defa ba\u015fvuru yapacak vatanda\u015flar i\u00e7in Hac \u00f6n kay\u0131t ba\u015fvurular\u0131 ba\u015flad\u0131. Ba\u015fvurular, bug\u00fcnden itibaren e-Devlet \u00fczerinden ger\u00e7ekle\u015ftirilebilecek.<\/strong><\/p>\n\n\n\n<p>Diyanet \u0130\u015fleri Ba\u015fkanl\u0131\u011f\u0131n\u0131n internet sitesinde yer alan bilgiye g\u00f6re, 2024 y\u0131l\u0131nda hacca gitmek \u00fczere ilk defa m\u00fcracaat etmek isteyen vatanda\u015flara y\u00f6nelik \u00f6n kay\u0131tlar bug\u00fcn itibar\u0131yla ba\u015flad\u0131.<\/p>\n\n\n\n<p>Ba\u015fvurular, 11 Ekim&#8217;e kadar e-Devlet \u00fczerinden ger\u00e7ekle\u015ftirilebilecek. \u0130lk defa kay\u0131t yapt\u0131racak vatanda\u015flar, \u00f6ncelikle kay\u0131t \u00fccreti olan 450 liray\u0131 yat\u0131rd\u0131ktan sonra hac \u00f6n kayd\u0131n\u0131 olu\u015fturabilecek<\/p>\n\n\n\n<p>&#8220;2024 Y\u0131l\u0131 Hac Organizasyonu&#8221; ile hac \u00f6n kay\u0131tlar\u0131na dair bilgiye, Hac ve Umre Hizmetleri Genel M\u00fcd\u00fcrl\u00fc\u011f\u00fc&#8217;n\u00fcn resmi internet sitesinden, Genel M\u00fcd\u00fcrl\u00fc\u011f\u00fcn sosyal medya hesaplar\u0131ndan ve il-il\u00e7e m\u00fcft\u00fcl\u00fcklerinden ula\u015f\u0131labilecek.<\/p>\n\n\n\n<p><strong>B\u0130LG\u0130LER E-DEVLET \u00dcZER\u0130NDEN G\u00dcNCELLENEB\u0130LECEK<\/strong><\/p>\n\n\n\n<p>\u00d6n kay\u0131t d\u00f6neminde, kay\u0131t durumunun kontrol edilmesi, kategori de\u011fi\u015fikli\u011fi, ileti\u015fim ve adres bilgileri, grup g\u00fcncellemeleri, gruptan ayr\u0131lmalar, kura ili de\u011fi\u015fikli\u011fi ve \u00e7ocuk adaylar\u0131n kayd\u0131 gibi t\u00fcm i\u015flemler e-Devlet \u00fczerinden yap\u0131labilecek.<\/p>\n\n\n\n<p><strong>DAHA \u00d6NCE KAYDI OLANLARIN KAYITLARI OTOMAT\u0130K YEN\u0130LENECEK<\/strong><\/p>\n\n\n\n<p>Daha \u00f6nce hac kayd\u0131 olup durumlar\u0131nda de\u011fi\u015fiklik yapmak istemeyenlerin kay\u0131t yenileme i\u015flemleri otomatik olarak ger\u00e7ekle\u015ftirilecek. \u0130l, adres, ileti\u015fim bilgileri ve konaklama t\u00fcr\u00fcnde de\u011fi\u015fiklik yapmak isteyen vatanda\u015flar, e-Devlet \u00fczerinden ya da il-il\u00e7e m\u00fcft\u00fcl\u00fckleri arac\u0131l\u0131\u011f\u0131yla durumlar\u0131nda g\u00fcncelleme yapabilecek.<\/p>\n\n\n\n<p>Ba\u015fkas\u0131n\u0131n yard\u0131m\u0131 olmadan g\u00fcnl\u00fck aktivitelerini ger\u00e7ekle\u015ftiremeyecek derecede engelli, hasta veya ya\u015fl\u0131 olan vatanda\u015flar, m\u00fcracaatlar\u0131n\u0131, hacca daha \u00f6nce hi\u00e7 gitmemi\u015f refakat\u00e7ileri ile birlikte yapabilecek.<\/p>\n\n\n\n<p><strong>\u00c7OCUKLAR, EBEVEYNLER\u0130N\u0130N KURA KAT SAYILARINI ETK\u0130LEMEYECEK<\/strong><\/p>\n\n\n\n<p>0-12 ya\u015f aras\u0131 \u00e7ocuklar\u0131n\u0131 hacca g\u00f6t\u00fcrmek isteyen vatanda\u015flar, belirlenen s\u00fcre i\u00e7erisinde \u00e7ocuklar\u0131n\u0131n \u00f6n kay\u0131tlar\u0131n\u0131 yapt\u0131rabilecek. S\u00f6z konusu ya\u015f aral\u0131\u011f\u0131nda bulunan \u00e7ocuklar, ebeveylerinin kura kat say\u0131lar\u0131n\u0131 etkilemeyecek.<\/p>\n","protected":false},"excerpt":{"rendered":"<p>Hac ibadetlerini yerine getirmek i\u00e7in bu y\u0131l ilk defa ba\u015fvuru yapacak vatanda\u015flar i\u00e7in Hac \u00f6n kay\u0131t&#46;&#46;&#46;<\/p>\n","protected":false},"author":2,"featured_media":9310,"comment_status":"open","ping_status":"open","sticky":false,"template":"","format":"standard","meta":{"inline_featured_image":false,"footnotes":""},"categories":[82],"tags":[2797,2796,131,107,93],"manset":[],"class_list":["post-9308","post","type-post","status-publish","format-standard","has-post-thumbnail","hentry","category-gundem-haberleri","tag-2024-hac","tag-2024-yili-hac-on-kayitlari-basladi","tag-son-dakika","tag-ub","tag-ust"],"_links":{"self":[{"href":"https:\/\/www.urfabugun.com\/index.php\/wp-json\/wp\/v2\/posts\/9308","targetHints":{"allow":["GET"]}}],"collection":[{"href":"https:\/\/www.urfabugun.com\/index.php\/wp-json\/wp\/v2\/posts"}],"about":[{"href":"https:\/\/www.urfabugun.com\/index.php\/wp-json\/wp\/v2\/types\/post"}],"author":[{"embeddable":true,"href":"https:\/\/www.urfabugun.com\/index.php\/wp-json\/wp\/v2\/users\/2"}],"replies":[{"embeddable":true,"href":"https:\/\/www.urfabugun.com\/index.php\/wp-json\/wp\/v2\/comments?post=9308"}],"version-history":[{"count":0,"href":"https:\/\/www.urfabugun.com\/index.php\/wp-json\/wp\/v2\/posts\/9308\/revisions"}],"wp:featuredmedia":[{"embeddable":true,"href":"https:\/\/www.urfabugun.com\/index.php\/wp-json\/wp\/v2\/media\/9310"}],"wp:attachment":[{"href":"https:\/\/www.urfabugun.com\/index.php\/wp-json\/wp\/v2\/media?parent=9308"}],"wp:term":[{"taxonomy":"category","embeddable":true,"href":"https:\/\/www.urfabugun.com\/index.php\/wp-json\/wp\/v2\/categories?post=9308"},{"taxonomy":"post_tag","embeddable":true,"href":"https:\/\/www.urfabugun.com\/index.php\/wp-json\/wp\/v2\/tags?post=9308"},{"taxonomy":"manset","embeddable":true,"href":"https:\/\/www.urfabugun.com\/index.php\/wp-json\/wp\/v2\/manset?post=9308"}],"curies":[{"name":"wp","href":"https:\/\/api.w.org\/{rel}","templated":true}]}}